{"id":2590,"date":"2012-08-06T10:56:43","date_gmt":"2012-08-06T13:56:43","guid":{"rendered":"http:\/\/archivosonoro.com.ar\/?p=2590"},"modified":"2012-08-06T10:56:43","modified_gmt":"2012-08-06T13:56:43","slug":"molayoli-s-colegio-maradona-sin-clases-por-roedores-gobierno-quiere-saber-si-es-la-misma-rata-que-la-vez-pasada","status":"publish","type":"post","link":"https:\/\/archivosonoro.com.ar\/wordpress\/?p=2590","title":{"rendered":"Molayoli S: Colegio Maradona sin clases por roedores. Gobierno quiere saber si es la misma rata que la vez pasada."},"content":{"rendered":"<p>Se suspendieron las clases en el Colegio Maradona por presencia de roedores y se llam\u00f3 a reuni\u00f3n de padres para informar y delinear entre toda la comunidad educativa las acciones a llevar adelante. La Secretaria General de la seccional R\u00edo Grande del SUTEF, Susana Molayoli, dio cuenta de la situaci\u00f3n en FM Ritual y destac\u00f3: \u00abevidentemente no se ha seguido con el protocolo establecido para esta situaciones porque han vuelto a invadir la escuela. En realidad no tengo la precisi\u00f3n si es una, son 2; 3 \u00f3 4, si el la misma como preguntaron desde el Ministerio\u00bb. Adem\u00e1s, confirm\u00f3 que una docente presenta una enfermedad provocada por ratas, informe que fue enviado a Buenos Aires para confirmar el diagn\u00f3stico.<\/p>\n","protected":false},"excerpt":{"rendered":"<p>Se suspendieron las clases en el Colegio Maradona por presencia de roedores y se llam\u00f3 a reuni\u00f3n de padres para informar y delinear entre toda la comunidad educativa las acciones a llevar adelante. La Secretaria General de la seccional R\u00edo Grande del SUTEF, Susana Molayoli, dio cuenta de la situaci\u00f3n en FM Ritual y destac\u00f3: [&hellip;]<\/p>\n","protected":false},"author":7,"featured_media":0,"comment_status":"open","ping_status":"open","sticky":false,"template":"","format":"standard","meta":{"footnotes":""},"categories":[542],"tags":[770,30,31],"class_list":["post-2590","post","type-post","status-publish","format-standard","hentry","category-fm-ritual","tag-colegio-maradona","tag-molayoli","tag-sutef"],"_links":{"self":[{"href":"https:\/\/archivosonoro.com.ar\/wordpress\/index.php?rest_route=\/wp\/v2\/posts\/2590","targetHints":{"allow":["GET"]}}],"collection":[{"href":"https:\/\/archivosonoro.com.ar\/wordpress\/index.php?rest_route=\/wp\/v2\/posts"}],"about":[{"href":"https:\/\/archivosonoro.com.ar\/wordpress\/index.php?rest_route=\/wp\/v2\/types\/post"}],"author":[{"embeddable":true,"href":"https:\/\/archivosonoro.com.ar\/wordpress\/index.php?rest_route=\/wp\/v2\/users\/7"}],"replies":[{"embeddable":true,"href":"https:\/\/archivosonoro.com.ar\/wordpress\/index.php?rest_route=%2Fwp%2Fv2%2Fcomments&post=2590"}],"version-history":[{"count":1,"href":"https:\/\/archivosonoro.com.ar\/wordpress\/index.php?rest_route=\/wp\/v2\/posts\/2590\/revisions"}],"predecessor-version":[{"id":2591,"href":"https:\/\/archivosonoro.com.ar\/wordpress\/index.php?rest_route=\/wp\/v2\/posts\/2590\/revisions\/2591"}],"wp:attachment":[{"href":"https:\/\/archivosonoro.com.ar\/wordpress\/index.php?rest_route=%2Fwp%2Fv2%2Fmedia&parent=2590"}],"wp:term":[{"taxonomy":"category","embeddable":true,"href":"https:\/\/archivosonoro.com.ar\/wordpress\/index.php?rest_route=%2Fwp%2Fv2%2Fcategories&post=2590"},{"taxonomy":"post_tag","embeddable":true,"href":"https:\/\/archivosonoro.com.ar\/wordpress\/index.php?rest_route=%2Fwp%2Fv2%2Ftags&post=2590"}],"curies":[{"name":"wp","href":"https:\/\/api.w.org\/{rel}","templated":true}]}}