{"id":2587,"date":"2012-08-06T10:39:40","date_gmt":"2012-08-06T13:39:40","guid":{"rendered":"http:\/\/archivosonoro.com.ar\/?p=2587"},"modified":"2012-08-06T10:39:40","modified_gmt":"2012-08-06T13:39:40","slug":"nogar-o-tdfeyq-es-facultad-de-la-gobernadora-dar-por-caido-el-convenio-o-no","status":"publish","type":"post","link":"https:\/\/archivosonoro.com.ar\/wordpress\/?p=2587","title":{"rendered":"Nogar O: TDFEyQ: \u00abEs facultad de la gobernadora dar por ca\u00eddo el convenio o no\u00bb."},"content":{"rendered":"<p>El Secretario de Hidrocarburos desminti\u00f3 una publicaci\u00f3n que daba cuenta de la decisi\u00f3n de la gobernadora de rescindir el contrato con Tierra del Fuego Energ\u00eda y Qu\u00edmica. En declaraciones a \u00abEl correo de los s\u00e1bados\u00bb, Omar Nogar se\u00f1al\u00f3: \u00abla gobernadora todav\u00eda no decidi\u00f3 otorgar la pr\u00f3rroga y no est\u00e1 obligada a dar una nueva pr\u00f3rroga. Lo que si se est\u00e1n analizando son todas las consecuencias de que la gobernadora decida dar por ca\u00eddo el convenio\u00bb y confirm\u00f3 que se est\u00e1 evaluando en Naci\u00f3n la incorporaci\u00f3n de empresas del Estado nacional para este proyecto. <\/p>\n","protected":false},"excerpt":{"rendered":"<p>El Secretario de Hidrocarburos desminti\u00f3 una publicaci\u00f3n que daba cuenta de la decisi\u00f3n de la gobernadora de rescindir el contrato con Tierra del Fuego Energ\u00eda y Qu\u00edmica. En declaraciones a \u00abEl correo de los s\u00e1bados\u00bb, Omar Nogar se\u00f1al\u00f3: \u00abla gobernadora todav\u00eda no decidi\u00f3 otorgar la pr\u00f3rroga y no est\u00e1 obligada a dar una nueva pr\u00f3rroga. [&hellip;]<\/p>\n","protected":false},"author":7,"featured_media":0,"comment_status":"open","ping_status":"open","sticky":false,"template":"","format":"standard","meta":{"footnotes":""},"categories":[14],"tags":[64],"class_list":["post-2587","post","type-post","status-publish","format-standard","hentry","category-fm-del-sol","tag-nogar"],"_links":{"self":[{"href":"https:\/\/archivosonoro.com.ar\/wordpress\/index.php?rest_route=\/wp\/v2\/posts\/2587","targetHints":{"allow":["GET"]}}],"collection":[{"href":"https:\/\/archivosonoro.com.ar\/wordpress\/index.php?rest_route=\/wp\/v2\/posts"}],"about":[{"href":"https:\/\/archivosonoro.com.ar\/wordpress\/index.php?rest_route=\/wp\/v2\/types\/post"}],"author":[{"embeddable":true,"href":"https:\/\/archivosonoro.com.ar\/wordpress\/index.php?rest_route=\/wp\/v2\/users\/7"}],"replies":[{"embeddable":true,"href":"https:\/\/archivosonoro.com.ar\/wordpress\/index.php?rest_route=%2Fwp%2Fv2%2Fcomments&post=2587"}],"version-history":[{"count":1,"href":"https:\/\/archivosonoro.com.ar\/wordpress\/index.php?rest_route=\/wp\/v2\/posts\/2587\/revisions"}],"predecessor-version":[{"id":2588,"href":"https:\/\/archivosonoro.com.ar\/wordpress\/index.php?rest_route=\/wp\/v2\/posts\/2587\/revisions\/2588"}],"wp:attachment":[{"href":"https:\/\/archivosonoro.com.ar\/wordpress\/index.php?rest_route=%2Fwp%2Fv2%2Fmedia&parent=2587"}],"wp:term":[{"taxonomy":"category","embeddable":true,"href":"https:\/\/archivosonoro.com.ar\/wordpress\/index.php?rest_route=%2Fwp%2Fv2%2Fcategories&post=2587"},{"taxonomy":"post_tag","embeddable":true,"href":"https:\/\/archivosonoro.com.ar\/wordpress\/index.php?rest_route=%2Fwp%2Fv2%2Ftags&post=2587"}],"curies":[{"name":"wp","href":"https:\/\/api.w.org\/{rel}","templated":true}]}}