{"id":2578,"date":"2012-08-06T00:49:32","date_gmt":"2012-08-06T03:49:32","guid":{"rendered":"http:\/\/archivosonoro.com.ar\/?p=2578"},"modified":"2012-08-06T00:49:32","modified_gmt":"2012-08-06T03:49:32","slug":"blanco-p-esta-republica-democratica-se-transformo-en-un-reinado","status":"publish","type":"post","link":"https:\/\/archivosonoro.com.ar\/wordpress\/?p=2578","title":{"rendered":"Blanco P: \u00abEsta rep\u00fablica democr\u00e1tica se transform\u00f3 en un reinado\u00bb."},"content":{"rendered":"<p>El Presidente de la UCR de Tierra del Fuego y Legislador Provincial , Pablo Blanco, formul\u00f3 declaraciones en FM del Sol en las que cuestion\u00f3 \u00abalgunas decisiones que se toman en lo que uno pensaba que eran una rep\u00fablica democr\u00e1tica como establece la Constituci\u00f3n Nacional pero vemos que esta rep\u00fablica democr\u00e1tica se transform\u00f3, no se por que raz\u00f3n, en un reinado donde una reina decide que se hace en el pa\u00eds y hasta tiene la facultad de nombrar un triunvirato como el que nombr\u00f3 a trav\u00e9s del Decreto N\u00b0 1277, que es el triunvirato que decide que hacer con los recursos naturales de las provincias argentinas en el \u00e1rea hidrocarbur\u00edfera\u00bb.<br \/>\nFundament\u00f3 su posici\u00f3n respecto al tema y respondi\u00f3 a \u00abun Senador de la Naci\u00f3n que deber\u00eda estar defendiendo los intereses de Tierra del Fuego y como es amigo del gobierno nacional se olvida\u00bb: \u00abno soy demagogo ni mentiroso\u00bb. Sin nombrar al senador pero se\u00f1alando que es del Partido Social Patag\u00f3nico, agreg\u00f3: \u00abQue no se ofenda el Senador Lopez cuando yo digo que a la presidenta la llamo como la reina Cristina. Dice que yo la insulto, no es que yo la insulto, es una lectura de la realidad\u00bb. Tambi\u00e9n afirm\u00f3 que un diputado por Tierra del Fuego le dijo que \u00abhay temas que hasta a veces afectan cuestiones de conciencia, hay una bajada de l\u00ednea que no se puede modificar ni siquiera un punto o una coma\u00bb.<\/p>\n","protected":false},"excerpt":{"rendered":"<p>El Presidente de la UCR de Tierra del Fuego y Legislador Provincial , Pablo Blanco, formul\u00f3 declaraciones en FM del Sol en las que cuestion\u00f3 \u00abalgunas decisiones que se toman en lo que uno pensaba que eran una rep\u00fablica democr\u00e1tica como establece la Constituci\u00f3n Nacional pero vemos que esta rep\u00fablica democr\u00e1tica se transform\u00f3, no se [&hellip;]<\/p>\n","protected":false},"author":7,"featured_media":0,"comment_status":"open","ping_status":"open","sticky":false,"template":"","format":"standard","meta":{"footnotes":""},"categories":[14],"tags":[68,545,59],"class_list":["post-2578","post","type-post","status-publish","format-standard","hentry","category-fm-del-sol","tag-blanco","tag-cristina","tag-lopez"],"_links":{"self":[{"href":"https:\/\/archivosonoro.com.ar\/wordpress\/index.php?rest_route=\/wp\/v2\/posts\/2578","targetHints":{"allow":["GET"]}}],"collection":[{"href":"https:\/\/archivosonoro.com.ar\/wordpress\/index.php?rest_route=\/wp\/v2\/posts"}],"about":[{"href":"https:\/\/archivosonoro.com.ar\/wordpress\/index.php?rest_route=\/wp\/v2\/types\/post"}],"author":[{"embeddable":true,"href":"https:\/\/archivosonoro.com.ar\/wordpress\/index.php?rest_route=\/wp\/v2\/users\/7"}],"replies":[{"embeddable":true,"href":"https:\/\/archivosonoro.com.ar\/wordpress\/index.php?rest_route=%2Fwp%2Fv2%2Fcomments&post=2578"}],"version-history":[{"count":1,"href":"https:\/\/archivosonoro.com.ar\/wordpress\/index.php?rest_route=\/wp\/v2\/posts\/2578\/revisions"}],"predecessor-version":[{"id":2579,"href":"https:\/\/archivosonoro.com.ar\/wordpress\/index.php?rest_route=\/wp\/v2\/posts\/2578\/revisions\/2579"}],"wp:attachment":[{"href":"https:\/\/archivosonoro.com.ar\/wordpress\/index.php?rest_route=%2Fwp%2Fv2%2Fmedia&parent=2578"}],"wp:term":[{"taxonomy":"category","embeddable":true,"href":"https:\/\/archivosonoro.com.ar\/wordpress\/index.php?rest_route=%2Fwp%2Fv2%2Fcategories&post=2578"},{"taxonomy":"post_tag","embeddable":true,"href":"https:\/\/archivosonoro.com.ar\/wordpress\/index.php?rest_route=%2Fwp%2Fv2%2Ftags&post=2578"}],"curies":[{"name":"wp","href":"https:\/\/api.w.org\/{rel}","templated":true}]}}