{"id":2576,"date":"2012-08-05T21:07:26","date_gmt":"2012-08-06T00:07:26","guid":{"rendered":"http:\/\/archivosonoro.com.ar\/?p=2576"},"modified":"2012-08-05T21:07:26","modified_gmt":"2012-08-06T00:07:26","slug":"bertone-r-hoy-co-gobiernan-movimiento-popular-fueguino-radicales-y-rios","status":"publish","type":"post","link":"https:\/\/archivosonoro.com.ar\/wordpress\/?p=2576","title":{"rendered":"Bertone R: \u00abHoy co-gobiernan Movimiento Popular Fueguino, radicales y R\u00edos\u00bb."},"content":{"rendered":"<p>Rosana Bertone critic\u00f3 duramente la pol\u00edtica de explotaci\u00f3n de recursos naturales de la provincia y marc\u00f3 puntos que \u00abllaman la atenci\u00f3n\u00bb en la propuesta de renegociaci\u00f3n con la empresa Roch que el ejecutivo elev\u00f3 a la Legislatura para su tratamiento.<br \/>\nDesde los estudios de FM Universidad, la Presidenta de la Comisi\u00f3n de Energ\u00eda de la C\u00e1mara de Diputados resalt\u00f3 \u00abel cambio\u00bb de Fabiana R\u00edos que cuando era diputada vot\u00f3 a favor de la potestad del ejecutivo nacional en el manejo de los hidrocarburos y ahora critica el Decreto 1277: \u00abc\u00f3mo puede una persona cambiar tanto, uno tiene que tener una coherencia\u00bb, enfatiz\u00f3. Tambi\u00e9n critic\u00f3 a Jorge Garramu\u00f1o que vot\u00f3 la estatizaci\u00f3n de YPF y despu\u00e9s dice \u00abque no pierda facultades\u00bb, \u00bfno ley\u00f3 lo que votaba?, se pregunt\u00f3. Tambi\u00e9n cuestion\u00f3 la capacidad de Omar Nogar para estar al frente de la Secretar\u00eda de Hidrocarburos.<br \/>\nBertone analiz\u00f3 la derrota en las elecciones a gobernador y remarc\u00f3: \u00abvemos una gesti\u00f3n de R\u00edos que ha ganado con acuerdos con distintos sectores o con personas de distintos sectores que entrega un \u00e1rea como entreg\u00f3 el \u00e1rea de petr\u00f3leo a esta persona Nogar o al Movimiento Popular Fueguino. Hoy co-gobiernan radicales, Movimiento Popular Fueguino y R\u00edos (&#8230;) el gran acuerdo de co-gobierno es Garramu\u00f1o con sus legisladores y radicales con sus legisladores porque es imposible que R\u00edos con dos legisladores no podr\u00eda estar sacando las cosas adelante como no lo sac\u00f3 cuando ten\u00eda 7 legisladores propios\u00bb.<br \/>\nLa diputada del FPV habl\u00f3 adem\u00e1s del Fideicomiso Austral, llam\u00f3 \u00abchicaneadores\u00bb a quienes cuestionan que la plata no est\u00e1 en las arcas provinciales y profundiz\u00f3 en el tema.<\/p>\n","protected":false},"excerpt":{"rendered":"<p>Rosana Bertone critic\u00f3 duramente la pol\u00edtica de explotaci\u00f3n de recursos naturales de la provincia y marc\u00f3 puntos que \u00abllaman la atenci\u00f3n\u00bb en la propuesta de renegociaci\u00f3n con la empresa Roch que el ejecutivo elev\u00f3 a la Legislatura para su tratamiento. Desde los estudios de FM Universidad, la Presidenta de la Comisi\u00f3n de Energ\u00eda de la [&hellip;]<\/p>\n","protected":false},"author":7,"featured_media":0,"comment_status":"open","ping_status":"open","sticky":false,"template":"","format":"standard","meta":{"footnotes":""},"categories":[543],"tags":[251,480,64,33,760],"class_list":["post-2576","post","type-post","status-publish","format-standard","hentry","category-fm-universidad","tag-bertone","tag-garramuno","tag-nogar","tag-rios","tag-roch"],"_links":{"self":[{"href":"https:\/\/archivosonoro.com.ar\/wordpress\/index.php?rest_route=\/wp\/v2\/posts\/2576","targetHints":{"allow":["GET"]}}],"collection":[{"href":"https:\/\/archivosonoro.com.ar\/wordpress\/index.php?rest_route=\/wp\/v2\/posts"}],"about":[{"href":"https:\/\/archivosonoro.com.ar\/wordpress\/index.php?rest_route=\/wp\/v2\/types\/post"}],"author":[{"embeddable":true,"href":"https:\/\/archivosonoro.com.ar\/wordpress\/index.php?rest_route=\/wp\/v2\/users\/7"}],"replies":[{"embeddable":true,"href":"https:\/\/archivosonoro.com.ar\/wordpress\/index.php?rest_route=%2Fwp%2Fv2%2Fcomments&post=2576"}],"version-history":[{"count":1,"href":"https:\/\/archivosonoro.com.ar\/wordpress\/index.php?rest_route=\/wp\/v2\/posts\/2576\/revisions"}],"predecessor-version":[{"id":2577,"href":"https:\/\/archivosonoro.com.ar\/wordpress\/index.php?rest_route=\/wp\/v2\/posts\/2576\/revisions\/2577"}],"wp:attachment":[{"href":"https:\/\/archivosonoro.com.ar\/wordpress\/index.php?rest_route=%2Fwp%2Fv2%2Fmedia&parent=2576"}],"wp:term":[{"taxonomy":"category","embeddable":true,"href":"https:\/\/archivosonoro.com.ar\/wordpress\/index.php?rest_route=%2Fwp%2Fv2%2Fcategories&post=2576"},{"taxonomy":"post_tag","embeddable":true,"href":"https:\/\/archivosonoro.com.ar\/wordpress\/index.php?rest_route=%2Fwp%2Fv2%2Ftags&post=2576"}],"curies":[{"name":"wp","href":"https:\/\/api.w.org\/{rel}","templated":true}]}}