{"id":2571,"date":"2012-08-05T20:08:23","date_gmt":"2012-08-05T23:08:23","guid":{"rendered":"http:\/\/archivosonoro.com.ar\/?p=2571"},"modified":"2012-08-05T20:09:59","modified_gmt":"2012-08-05T23:09:59","slug":"gobierno-busca-poner-en-funcionamiento-la-totalidad-del-parque-aeronautico","status":"publish","type":"post","link":"https:\/\/archivosonoro.com.ar\/wordpress\/?p=2571","title":{"rendered":"Gobierno busca poner en funcionamiento la totalidad del parque aeron\u00e1utico."},"content":{"rendered":"<p>El Director de Aeron\u00e1utica de la provincia habl\u00f3 de la puesta en funcionamiento del avi\u00f3n ARAVA de la gobernaci\u00f3n y la autorizaci\u00f3n de vuelo de los pilotos. Confirm\u00f3 que realiz\u00f3 su primer vuelo el pasado mi\u00e9rcoles llevando una comitiva a la reuni\u00f3n del Comit\u00e9 de Fronteras en Comodoro Rivadavia.<br \/>\nRam\u00f3n Lopez dio cuenta del estado del Lear, se\u00f1al\u00f3 que en unos 20 d\u00edas m\u00e1s estar\u00eda en operaciones y destac\u00f3: \u00abahora  nos queda el tema que tenemos que rehabilitar a nuestros pilotos\u00bb, tarea que se realiza en Estados Unidos. Explic\u00f3 \u00abel ciclo\u00bb del avi\u00f3n y expres\u00f3 que tendremos unos 3 a\u00f1os sin inconvenientes. En relaci\u00f3n al helic\u00f3ptero de la provincia adelant\u00f3 que se est\u00e1 en conversaciones para cambiarlo y dio detalles de las conversaciones sin adelantar montos de la operaci\u00f3n.<br \/>\n\u00abLa idea de este gobierno, lo que hemos charlado con los ministros y creo que la idea de la Sra. Gobernadora es poner a funcionar el parque completo, o sea, los 3 aviones nuestros tienen que estar funcionando a full\u00bb, subray\u00f3 el funcionario al ser entrevistado en Radio Argentina.<\/p>\n","protected":false},"excerpt":{"rendered":"<p>El Director de Aeron\u00e1utica de la provincia habl\u00f3 de la puesta en funcionamiento del avi\u00f3n ARAVA de la gobernaci\u00f3n y la autorizaci\u00f3n de vuelo de los pilotos. Confirm\u00f3 que realiz\u00f3 su primer vuelo el pasado mi\u00e9rcoles llevando una comitiva a la reuni\u00f3n del Comit\u00e9 de Fronteras en Comodoro Rivadavia. Ram\u00f3n Lopez dio cuenta del estado [&hellip;]<\/p>\n","protected":false},"author":7,"featured_media":0,"comment_status":"open","ping_status":"open","sticky":false,"template":"","format":"standard","meta":{"footnotes":""},"categories":[76],"tags":[59],"class_list":["post-2571","post","type-post","status-publish","format-standard","hentry","category-otras","tag-lopez"],"_links":{"self":[{"href":"https:\/\/archivosonoro.com.ar\/wordpress\/index.php?rest_route=\/wp\/v2\/posts\/2571","targetHints":{"allow":["GET"]}}],"collection":[{"href":"https:\/\/archivosonoro.com.ar\/wordpress\/index.php?rest_route=\/wp\/v2\/posts"}],"about":[{"href":"https:\/\/archivosonoro.com.ar\/wordpress\/index.php?rest_route=\/wp\/v2\/types\/post"}],"author":[{"embeddable":true,"href":"https:\/\/archivosonoro.com.ar\/wordpress\/index.php?rest_route=\/wp\/v2\/users\/7"}],"replies":[{"embeddable":true,"href":"https:\/\/archivosonoro.com.ar\/wordpress\/index.php?rest_route=%2Fwp%2Fv2%2Fcomments&post=2571"}],"version-history":[{"count":2,"href":"https:\/\/archivosonoro.com.ar\/wordpress\/index.php?rest_route=\/wp\/v2\/posts\/2571\/revisions"}],"predecessor-version":[{"id":2574,"href":"https:\/\/archivosonoro.com.ar\/wordpress\/index.php?rest_route=\/wp\/v2\/posts\/2571\/revisions\/2574"}],"wp:attachment":[{"href":"https:\/\/archivosonoro.com.ar\/wordpress\/index.php?rest_route=%2Fwp%2Fv2%2Fmedia&parent=2571"}],"wp:term":[{"taxonomy":"category","embeddable":true,"href":"https:\/\/archivosonoro.com.ar\/wordpress\/index.php?rest_route=%2Fwp%2Fv2%2Fcategories&post=2571"},{"taxonomy":"post_tag","embeddable":true,"href":"https:\/\/archivosonoro.com.ar\/wordpress\/index.php?rest_route=%2Fwp%2Fv2%2Ftags&post=2571"}],"curies":[{"name":"wp","href":"https:\/\/api.w.org\/{rel}","templated":true}]}}