{"id":2567,"date":"2012-08-05T17:16:55","date_gmt":"2012-08-05T20:16:55","guid":{"rendered":"http:\/\/archivosonoro.com.ar\/?p=2567"},"modified":"2012-08-05T17:16:55","modified_gmt":"2012-08-05T20:16:55","slug":"echazu-m-los-prestadores-de-rio-grande-creen-que-su-servicio-es-muy-bueno-y-lo-cobran-mas-caro-que-en-otros-lados","status":"publish","type":"post","link":"https:\/\/archivosonoro.com.ar\/wordpress\/?p=2567","title":{"rendered":"Echaz\u00fa M: \u00abLos prestadores de R\u00edo Grande creen que su servicio es muy bueno y lo cobran m\u00e1s caro que en otros lados\u00bb."},"content":{"rendered":"<p>El lunes se lanza el programa de Aerol\u00edneas Argentinas \u00abViaj\u00e1 por tu pa\u00eds\u00bb con tarifas beneficiosas pero inclu\u00eddas en un paquete con alojamientos y excursiones. Desde el INFUETUR, Marcelo Echaz\u00fa se\u00f1al\u00f3: \u00abnos hubiera gustado que los costos hubieran sido menores pero las tarifas que se acercaron para R\u00edo Grande parece mentira pero son m\u00e1s caras que las de Ushuaia pero esto es exclusivamente porque los prestadores de R\u00edo Grande creen que su servicio es muy bueno y lo cobran m\u00e1s caro que en otros lados\u00bb.<br \/>\nEn declaraciones a FM Universidad, el funcionario dijo que la pol\u00edtica de Aerol\u00edneas Argentinas en cuanto a la conectividad a\u00e9rea de R\u00edo Grande no es del todo coherente, \u00abhubo dos anuncios que fueron distintos y en definitiva estamos esperando que se concrete uno\u00bb, se\u00f1al\u00f3.<br \/>\nFinalmente, adelant\u00f3 que prontamente se licitar\u00e1 la concesi\u00f3n de las Hoster\u00edas Petrel y San Pablo para lo que se est\u00e1 trabajando en la confecci\u00f3n de los pliegos.<\/p>\n","protected":false},"excerpt":{"rendered":"<p>El lunes se lanza el programa de Aerol\u00edneas Argentinas \u00abViaj\u00e1 por tu pa\u00eds\u00bb con tarifas beneficiosas pero inclu\u00eddas en un paquete con alojamientos y excursiones. Desde el INFUETUR, Marcelo Echaz\u00fa se\u00f1al\u00f3: \u00abnos hubiera gustado que los costos hubieran sido menores pero las tarifas que se acercaron para R\u00edo Grande parece mentira pero son m\u00e1s caras [&hellip;]<\/p>\n","protected":false},"author":7,"featured_media":0,"comment_status":"open","ping_status":"open","sticky":false,"template":"","format":"standard","meta":{"footnotes":""},"categories":[543],"tags":[96,97],"class_list":["post-2567","post","type-post","status-publish","format-standard","hentry","category-fm-universidad","tag-echazu","tag-infuetur"],"_links":{"self":[{"href":"https:\/\/archivosonoro.com.ar\/wordpress\/index.php?rest_route=\/wp\/v2\/posts\/2567","targetHints":{"allow":["GET"]}}],"collection":[{"href":"https:\/\/archivosonoro.com.ar\/wordpress\/index.php?rest_route=\/wp\/v2\/posts"}],"about":[{"href":"https:\/\/archivosonoro.com.ar\/wordpress\/index.php?rest_route=\/wp\/v2\/types\/post"}],"author":[{"embeddable":true,"href":"https:\/\/archivosonoro.com.ar\/wordpress\/index.php?rest_route=\/wp\/v2\/users\/7"}],"replies":[{"embeddable":true,"href":"https:\/\/archivosonoro.com.ar\/wordpress\/index.php?rest_route=%2Fwp%2Fv2%2Fcomments&post=2567"}],"version-history":[{"count":1,"href":"https:\/\/archivosonoro.com.ar\/wordpress\/index.php?rest_route=\/wp\/v2\/posts\/2567\/revisions"}],"predecessor-version":[{"id":2570,"href":"https:\/\/archivosonoro.com.ar\/wordpress\/index.php?rest_route=\/wp\/v2\/posts\/2567\/revisions\/2570"}],"wp:attachment":[{"href":"https:\/\/archivosonoro.com.ar\/wordpress\/index.php?rest_route=%2Fwp%2Fv2%2Fmedia&parent=2567"}],"wp:term":[{"taxonomy":"category","embeddable":true,"href":"https:\/\/archivosonoro.com.ar\/wordpress\/index.php?rest_route=%2Fwp%2Fv2%2Fcategories&post=2567"},{"taxonomy":"post_tag","embeddable":true,"href":"https:\/\/archivosonoro.com.ar\/wordpress\/index.php?rest_route=%2Fwp%2Fv2%2Ftags&post=2567"}],"curies":[{"name":"wp","href":"https:\/\/api.w.org\/{rel}","templated":true}]}}