{"id":2563,"date":"2012-08-05T16:46:09","date_gmt":"2012-08-05T19:46:09","guid":{"rendered":"http:\/\/archivosonoro.com.ar\/?p=2563"},"modified":"2012-08-05T17:01:56","modified_gmt":"2012-08-05T20:01:56","slug":"la-planificacion-del-turismo-03","status":"publish","type":"post","link":"https:\/\/archivosonoro.com.ar\/wordpress\/?p=2563","title":{"rendered":"La planificaci\u00f3n del turismo 03"},"content":{"rendered":"<p>En el inicio del tercer bloque de \u00abDos preguntan\u00bb particip\u00f3 via telef\u00f3nica el Presidente del INFUETUR, Marcelo Echaz\u00fa  quien respondi\u00f3 sobre la conectividad a\u00e9rea y la deficiencia de vuelos a la ciudad de R\u00edo Grande. Por su parte, Jos\u00e9 Heredia respondi\u00f3 a la cr\u00edtica del funcionario sobre el costo del paquete tur\u00edstico en R\u00edo Grande del plan \u00abViaj\u00e1 por tu pa\u00eds\u00bb de Aerol\u00edneas Argentinas y expuso sobre los inconvenientes para el aterrizaje de naves de mayor tama\u00f1o lo que hace que LAN no pueda operar.<\/p>\n","protected":false},"excerpt":{"rendered":"<p>En el inicio del tercer bloque de \u00abDos preguntan\u00bb particip\u00f3 via telef\u00f3nica el Presidente del INFUETUR, Marcelo Echaz\u00fa quien respondi\u00f3 sobre la conectividad a\u00e9rea y la deficiencia de vuelos a la ciudad de R\u00edo Grande. Por su parte, Jos\u00e9 Heredia respondi\u00f3 a la cr\u00edtica del funcionario sobre el costo del paquete tur\u00edstico en R\u00edo Grande [&hellip;]<\/p>\n","protected":false},"author":7,"featured_media":0,"comment_status":"open","ping_status":"open","sticky":false,"template":"","format":"standard","meta":{"footnotes":""},"categories":[543],"tags":[96,110],"class_list":["post-2563","post","type-post","status-publish","format-standard","hentry","category-fm-universidad","tag-echazu","tag-heredia"],"_links":{"self":[{"href":"https:\/\/archivosonoro.com.ar\/wordpress\/index.php?rest_route=\/wp\/v2\/posts\/2563","targetHints":{"allow":["GET"]}}],"collection":[{"href":"https:\/\/archivosonoro.com.ar\/wordpress\/index.php?rest_route=\/wp\/v2\/posts"}],"about":[{"href":"https:\/\/archivosonoro.com.ar\/wordpress\/index.php?rest_route=\/wp\/v2\/types\/post"}],"author":[{"embeddable":true,"href":"https:\/\/archivosonoro.com.ar\/wordpress\/index.php?rest_route=\/wp\/v2\/users\/7"}],"replies":[{"embeddable":true,"href":"https:\/\/archivosonoro.com.ar\/wordpress\/index.php?rest_route=%2Fwp%2Fv2%2Fcomments&post=2563"}],"version-history":[{"count":2,"href":"https:\/\/archivosonoro.com.ar\/wordpress\/index.php?rest_route=\/wp\/v2\/posts\/2563\/revisions"}],"predecessor-version":[{"id":2569,"href":"https:\/\/archivosonoro.com.ar\/wordpress\/index.php?rest_route=\/wp\/v2\/posts\/2563\/revisions\/2569"}],"wp:attachment":[{"href":"https:\/\/archivosonoro.com.ar\/wordpress\/index.php?rest_route=%2Fwp%2Fv2%2Fmedia&parent=2563"}],"wp:term":[{"taxonomy":"category","embeddable":true,"href":"https:\/\/archivosonoro.com.ar\/wordpress\/index.php?rest_route=%2Fwp%2Fv2%2Fcategories&post=2563"},{"taxonomy":"post_tag","embeddable":true,"href":"https:\/\/archivosonoro.com.ar\/wordpress\/index.php?rest_route=%2Fwp%2Fv2%2Ftags&post=2563"}],"curies":[{"name":"wp","href":"https:\/\/api.w.org\/{rel}","templated":true}]}}