{"id":2561,"date":"2012-08-05T12:58:44","date_gmt":"2012-08-05T15:58:44","guid":{"rendered":"http:\/\/archivosonoro.com.ar\/?p=2561"},"modified":"2012-08-05T12:58:44","modified_gmt":"2012-08-05T15:58:44","slug":"martinez-o-esta-proxima-a-inaugurarse-la-clinica-de-los-trabajadores-metalurgicos","status":"publish","type":"post","link":"https:\/\/archivosonoro.com.ar\/wordpress\/?p=2561","title":{"rendered":"Mart\u00ednez O: est\u00e1 pr\u00f3xima a inaugurarse la cl\u00ednica de los trabajadores metal\u00fargicos."},"content":{"rendered":"<p>Est\u00e1 previsto que sobre fines de mes inaugure la cl\u00ednica que est\u00e1 construyendo la UOM en R\u00edo Grande. En los m\u00e1s de 2.000 metros cubiertos, contar\u00e1 con quir\u00f3fano, sector de internaci\u00f3n, terapia intensiva, sector de neonatolog\u00eda, \u00abuna cl\u00ednica como creemos hace falta y podemos aportar a nuestros afiliados y a la comunidad\u00bb, dijo Oscar Mart\u00ednez.<br \/>\nDesde los estudios de FM del Sol, el Secretario General de la UOM se\u00f1al\u00f3 que el \u00fanico aporte de los empresarios fue de 2 millones de pesos de un total de 30 millones que se invirtieron para la construcci\u00f3n del centro de salud. Adem\u00e1s, respondi\u00f3 sobre la posibilidad de brindar servicios a afiliados de otras obras sociales que hagan convenios al respecto \u00aby habr\u00e1 que ver si salud p\u00fablica de la provincia tiene alg\u00fan tipo de convenio para que podamos llevar a la pr\u00e1ctica y as\u00ed llevar servicios a los distintos sectores de la comunidad que no tienen cobertura a trav\u00e9s de obras sociales\u00bb, afirm\u00f3.<br \/>\nMart\u00ednez hizo referencia a los planes hacia el futuro por parte del sindicato destacando la posibilidad de los afiliados para acceder a terrenos a precios m\u00e1s razonables que los que tiene el mercado para lo que lleva adelante un censo de la demanda insatisfecha de tierras y la construcci\u00f3n de un polideportivo con capacidad para unas 5.000 personas.<br \/>\nFinalmente, el dirigente sindical respondi\u00f3 sobre la continuidad de la Ley 19.640 y el cierre a las importaciones: \u00abhay que privilegiar la industria nacional\u00bb, enfatiz\u00f3.<\/p>\n","protected":false},"excerpt":{"rendered":"<p>Est\u00e1 previsto que sobre fines de mes inaugure la cl\u00ednica que est\u00e1 construyendo la UOM en R\u00edo Grande. En los m\u00e1s de 2.000 metros cubiertos, contar\u00e1 con quir\u00f3fano, sector de internaci\u00f3n, terapia intensiva, sector de neonatolog\u00eda, \u00abuna cl\u00ednica como creemos hace falta y podemos aportar a nuestros afiliados y a la comunidad\u00bb, dijo Oscar Mart\u00ednez. [&hellip;]<\/p>\n","protected":false},"author":7,"featured_media":0,"comment_status":"open","ping_status":"open","sticky":false,"template":"","format":"standard","meta":{"footnotes":""},"categories":[14],"tags":[39,457],"class_list":["post-2561","post","type-post","status-publish","format-standard","hentry","category-fm-del-sol","tag-martinez","tag-uom"],"_links":{"self":[{"href":"https:\/\/archivosonoro.com.ar\/wordpress\/index.php?rest_route=\/wp\/v2\/posts\/2561","targetHints":{"allow":["GET"]}}],"collection":[{"href":"https:\/\/archivosonoro.com.ar\/wordpress\/index.php?rest_route=\/wp\/v2\/posts"}],"about":[{"href":"https:\/\/archivosonoro.com.ar\/wordpress\/index.php?rest_route=\/wp\/v2\/types\/post"}],"author":[{"embeddable":true,"href":"https:\/\/archivosonoro.com.ar\/wordpress\/index.php?rest_route=\/wp\/v2\/users\/7"}],"replies":[{"embeddable":true,"href":"https:\/\/archivosonoro.com.ar\/wordpress\/index.php?rest_route=%2Fwp%2Fv2%2Fcomments&post=2561"}],"version-history":[{"count":1,"href":"https:\/\/archivosonoro.com.ar\/wordpress\/index.php?rest_route=\/wp\/v2\/posts\/2561\/revisions"}],"predecessor-version":[{"id":2562,"href":"https:\/\/archivosonoro.com.ar\/wordpress\/index.php?rest_route=\/wp\/v2\/posts\/2561\/revisions\/2562"}],"wp:attachment":[{"href":"https:\/\/archivosonoro.com.ar\/wordpress\/index.php?rest_route=%2Fwp%2Fv2%2Fmedia&parent=2561"}],"wp:term":[{"taxonomy":"category","embeddable":true,"href":"https:\/\/archivosonoro.com.ar\/wordpress\/index.php?rest_route=%2Fwp%2Fv2%2Fcategories&post=2561"},{"taxonomy":"post_tag","embeddable":true,"href":"https:\/\/archivosonoro.com.ar\/wordpress\/index.php?rest_route=%2Fwp%2Fv2%2Ftags&post=2561"}],"curies":[{"name":"wp","href":"https:\/\/api.w.org\/{rel}","templated":true}]}}