{"id":2555,"date":"2012-08-04T12:00:59","date_gmt":"2012-08-04T15:00:59","guid":{"rendered":"http:\/\/archivosonoro.com.ar\/?p=2555"},"modified":"2012-08-04T12:00:59","modified_gmt":"2012-08-04T15:00:59","slug":"la-planificacion-del-turismo-en-la-tierra-del-fuego-02","status":"publish","type":"post","link":"https:\/\/archivosonoro.com.ar\/wordpress\/?p=2555","title":{"rendered":"La planificaci\u00f3n del turismo en la Tierra del Fuego 02"},"content":{"rendered":"<p>Luego de la presentaci\u00f3n de los panelistas, la Directora de Turismo de la Municipalidad de R\u00edo Grande remarc\u00f3 la necesidad de profesionales del \u00e1rea y de la lucha por terminar con la idea que R\u00edo Grande debe ser industrial y Ushuaia tur\u00edstica.<br \/>\nSebasti\u00e1n Novelli, del INFUETUR habl\u00f3 del trabajo para posicionar a Rio Grande como destino tur\u00edstico y Peter Pereyra manifest\u00f3 la expectativa por los cambios que se est\u00e1n viendo en el sector.<br \/>\nDesde el \u00e1mbito privado, Jos\u00e9 Heredia enfatiz\u00f3 en el problema de conectividad y accesibilidad a la ciudad<\/p>\n","protected":false},"excerpt":{"rendered":"<p>Luego de la presentaci\u00f3n de los panelistas, la Directora de Turismo de la Municipalidad de R\u00edo Grande remarc\u00f3 la necesidad de profesionales del \u00e1rea y de la lucha por terminar con la idea que R\u00edo Grande debe ser industrial y Ushuaia tur\u00edstica. Sebasti\u00e1n Novelli, del INFUETUR habl\u00f3 del trabajo para posicionar a Rio Grande como [&hellip;]<\/p>\n","protected":false},"author":7,"featured_media":0,"comment_status":"open","ping_status":"open","sticky":false,"template":"","format":"standard","meta":{"footnotes":""},"categories":[543],"tags":[110,763,764,767],"class_list":["post-2555","post","type-post","status-publish","format-standard","hentry","category-fm-universidad","tag-heredia","tag-laser","tag-novelli","tag-pereyra"],"_links":{"self":[{"href":"https:\/\/archivosonoro.com.ar\/wordpress\/index.php?rest_route=\/wp\/v2\/posts\/2555","targetHints":{"allow":["GET"]}}],"collection":[{"href":"https:\/\/archivosonoro.com.ar\/wordpress\/index.php?rest_route=\/wp\/v2\/posts"}],"about":[{"href":"https:\/\/archivosonoro.com.ar\/wordpress\/index.php?rest_route=\/wp\/v2\/types\/post"}],"author":[{"embeddable":true,"href":"https:\/\/archivosonoro.com.ar\/wordpress\/index.php?rest_route=\/wp\/v2\/users\/7"}],"replies":[{"embeddable":true,"href":"https:\/\/archivosonoro.com.ar\/wordpress\/index.php?rest_route=%2Fwp%2Fv2%2Fcomments&post=2555"}],"version-history":[{"count":1,"href":"https:\/\/archivosonoro.com.ar\/wordpress\/index.php?rest_route=\/wp\/v2\/posts\/2555\/revisions"}],"predecessor-version":[{"id":2560,"href":"https:\/\/archivosonoro.com.ar\/wordpress\/index.php?rest_route=\/wp\/v2\/posts\/2555\/revisions\/2560"}],"wp:attachment":[{"href":"https:\/\/archivosonoro.com.ar\/wordpress\/index.php?rest_route=%2Fwp%2Fv2%2Fmedia&parent=2555"}],"wp:term":[{"taxonomy":"category","embeddable":true,"href":"https:\/\/archivosonoro.com.ar\/wordpress\/index.php?rest_route=%2Fwp%2Fv2%2Fcategories&post=2555"},{"taxonomy":"post_tag","embeddable":true,"href":"https:\/\/archivosonoro.com.ar\/wordpress\/index.php?rest_route=%2Fwp%2Fv2%2Ftags&post=2555"}],"curies":[{"name":"wp","href":"https:\/\/api.w.org\/{rel}","templated":true}]}}