{"id":2553,"date":"2012-08-04T11:42:08","date_gmt":"2012-08-04T14:42:08","guid":{"rendered":"http:\/\/archivosonoro.com.ar\/?p=2553"},"modified":"2012-08-04T11:42:08","modified_gmt":"2012-08-04T14:42:08","slug":"vergara-r-acuerdo-con-roch-no-hay-que-agregarle-mas-nada-es-si-o-no","status":"publish","type":"post","link":"https:\/\/archivosonoro.com.ar\/wordpress\/?p=2553","title":{"rendered":"Vergara R: Acuerdo con Roch: \u00abno hay que agregarle m\u00e1s nada, es si o no\u00bb"},"content":{"rendered":"<p>Desde los estudios de FM del Sol, Ren\u00e9 Vergara manifest\u00f3 su acuerdo con los anuncios que realizara el jueves la gobernadora Fabiana R\u00edos en relaci\u00f3n a la empresa Roch: \u00abojal\u00e1 lo firmen los legisladores porque es un bien para la provincia y para los trabajadores\u00bb, dijo.<br \/>\nEl Secretario de Prensa del Sindicato de Trabajadores del Petr\u00f3leo resalt\u00f3 los puntos m\u00e1s importantes de la propuesta y confirm\u00f3 el contacto permanente con los directivos de las empresas y con el Secretario de Hidrocarburos de la provincia. Adem\u00e1s, habl\u00f3 de la mano de obra local que se emplea en el sector y critic\u00f3 la postura de consulta a Naci\u00f3n por parte de los parlamentarios del FPV: \u00abse me erizaron los pelos, (&#8230;) no se por qu\u00e9 salieron a hacer esas declaraciones\u00bb, afirm\u00f3 en \u00abEl Correo de los s\u00e1bados\u00bb.<br \/>\nEn cuanto a la extensi\u00f3n de concesiones de Apache y Total, Vergara se\u00f1al\u00f3 que fueron informados por el Secretario de Hidrocarburos, que se estar\u00e1n tratando pr\u00f3ximamente.<\/p>\n","protected":false},"excerpt":{"rendered":"<p>Desde los estudios de FM del Sol, Ren\u00e9 Vergara manifest\u00f3 su acuerdo con los anuncios que realizara el jueves la gobernadora Fabiana R\u00edos en relaci\u00f3n a la empresa Roch: \u00abojal\u00e1 lo firmen los legisladores porque es un bien para la provincia y para los trabajadores\u00bb, dijo. El Secretario de Prensa del Sindicato de Trabajadores del [&hellip;]<\/p>\n","protected":false},"author":7,"featured_media":0,"comment_status":"open","ping_status":"open","sticky":false,"template":"","format":"standard","meta":{"footnotes":""},"categories":[14],"tags":[178,760,766,177],"class_list":["post-2553","post","type-post","status-publish","format-standard","hentry","category-fm-del-sol","tag-apache","tag-roch","tag-total","tag-vergara"],"_links":{"self":[{"href":"https:\/\/archivosonoro.com.ar\/wordpress\/index.php?rest_route=\/wp\/v2\/posts\/2553","targetHints":{"allow":["GET"]}}],"collection":[{"href":"https:\/\/archivosonoro.com.ar\/wordpress\/index.php?rest_route=\/wp\/v2\/posts"}],"about":[{"href":"https:\/\/archivosonoro.com.ar\/wordpress\/index.php?rest_route=\/wp\/v2\/types\/post"}],"author":[{"embeddable":true,"href":"https:\/\/archivosonoro.com.ar\/wordpress\/index.php?rest_route=\/wp\/v2\/users\/7"}],"replies":[{"embeddable":true,"href":"https:\/\/archivosonoro.com.ar\/wordpress\/index.php?rest_route=%2Fwp%2Fv2%2Fcomments&post=2553"}],"version-history":[{"count":1,"href":"https:\/\/archivosonoro.com.ar\/wordpress\/index.php?rest_route=\/wp\/v2\/posts\/2553\/revisions"}],"predecessor-version":[{"id":2554,"href":"https:\/\/archivosonoro.com.ar\/wordpress\/index.php?rest_route=\/wp\/v2\/posts\/2553\/revisions\/2554"}],"wp:attachment":[{"href":"https:\/\/archivosonoro.com.ar\/wordpress\/index.php?rest_route=%2Fwp%2Fv2%2Fmedia&parent=2553"}],"wp:term":[{"taxonomy":"category","embeddable":true,"href":"https:\/\/archivosonoro.com.ar\/wordpress\/index.php?rest_route=%2Fwp%2Fv2%2Fcategories&post=2553"},{"taxonomy":"post_tag","embeddable":true,"href":"https:\/\/archivosonoro.com.ar\/wordpress\/index.php?rest_route=%2Fwp%2Fv2%2Ftags&post=2553"}],"curies":[{"name":"wp","href":"https:\/\/api.w.org\/{rel}","templated":true}]}}