{"id":2551,"date":"2012-08-04T11:18:39","date_gmt":"2012-08-04T14:18:39","guid":{"rendered":"http:\/\/archivosonoro.com.ar\/?p=2551"},"modified":"2012-08-04T11:50:49","modified_gmt":"2012-08-04T14:50:49","slug":"la-planificacion-del-turismo-en-la-tierra-del-fuego-01","status":"publish","type":"post","link":"https:\/\/archivosonoro.com.ar\/wordpress\/?p=2551","title":{"rendered":"La planificaci\u00f3n del turismo en la Tierra del Fuego 01"},"content":{"rendered":"<p>En esta nueva edici\u00f3n de \u00abDos preguntan\u00bb de FM Universidad, la planificaci\u00f3n del turismo en la Tierra del Fuego fue el tema que se abord\u00f3. Participaron  Stella Laser, Directora de Turismo de la Municipalidad de R\u00edo Grande, Sebasti\u00e1n Novelli, Jefe del Departamento de Coordinaci\u00f3n y Gesti\u00f3n del INFUETUR en R\u00edo Grande, Jos\u00e9 Heredia, operador tur\u00edstico, Peter Pereyra Mullins, especialista en servicio tur\u00edstico relacionado con la pesca deportiva. Durante las presentaciones, se coincidi\u00f3 en la necesidad de diversificar la oferta tur\u00edstica de la provincia, romper la barrera de los tres d\u00edas que es lo com\u00fan que se vende y el trabajo en conjunto entre el estado y los privados.<\/p>\n","protected":false},"excerpt":{"rendered":"<p>En esta nueva edici\u00f3n de \u00abDos preguntan\u00bb de FM Universidad, la planificaci\u00f3n del turismo en la Tierra del Fuego fue el tema que se abord\u00f3. Participaron Stella Laser, Directora de Turismo de la Municipalidad de R\u00edo Grande, Sebasti\u00e1n Novelli, Jefe del Departamento de Coordinaci\u00f3n y Gesti\u00f3n del INFUETUR en R\u00edo Grande, Jos\u00e9 Heredia, operador tur\u00edstico, [&hellip;]<\/p>\n","protected":false},"author":7,"featured_media":0,"comment_status":"open","ping_status":"open","sticky":false,"template":"","format":"standard","meta":{"footnotes":""},"categories":[543],"tags":[110,763,764,765],"class_list":["post-2551","post","type-post","status-publish","format-standard","hentry","category-fm-universidad","tag-heredia","tag-laser","tag-novelli","tag-pereyra-mullins"],"_links":{"self":[{"href":"https:\/\/archivosonoro.com.ar\/wordpress\/index.php?rest_route=\/wp\/v2\/posts\/2551","targetHints":{"allow":["GET"]}}],"collection":[{"href":"https:\/\/archivosonoro.com.ar\/wordpress\/index.php?rest_route=\/wp\/v2\/posts"}],"about":[{"href":"https:\/\/archivosonoro.com.ar\/wordpress\/index.php?rest_route=\/wp\/v2\/types\/post"}],"author":[{"embeddable":true,"href":"https:\/\/archivosonoro.com.ar\/wordpress\/index.php?rest_route=\/wp\/v2\/users\/7"}],"replies":[{"embeddable":true,"href":"https:\/\/archivosonoro.com.ar\/wordpress\/index.php?rest_route=%2Fwp%2Fv2%2Fcomments&post=2551"}],"version-history":[{"count":3,"href":"https:\/\/archivosonoro.com.ar\/wordpress\/index.php?rest_route=\/wp\/v2\/posts\/2551\/revisions"}],"predecessor-version":[{"id":2559,"href":"https:\/\/archivosonoro.com.ar\/wordpress\/index.php?rest_route=\/wp\/v2\/posts\/2551\/revisions\/2559"}],"wp:attachment":[{"href":"https:\/\/archivosonoro.com.ar\/wordpress\/index.php?rest_route=%2Fwp%2Fv2%2Fmedia&parent=2551"}],"wp:term":[{"taxonomy":"category","embeddable":true,"href":"https:\/\/archivosonoro.com.ar\/wordpress\/index.php?rest_route=%2Fwp%2Fv2%2Fcategories&post=2551"},{"taxonomy":"post_tag","embeddable":true,"href":"https:\/\/archivosonoro.com.ar\/wordpress\/index.php?rest_route=%2Fwp%2Fv2%2Ftags&post=2551"}],"curies":[{"name":"wp","href":"https:\/\/api.w.org\/{rel}","templated":true}]}}