{"id":2549,"date":"2012-08-03T12:19:58","date_gmt":"2012-08-03T15:19:58","guid":{"rendered":"http:\/\/archivosonoro.com.ar\/?p=2549"},"modified":"2012-08-03T12:19:58","modified_gmt":"2012-08-03T15:19:58","slug":"de-la-riva-a-la-justicia-de-tierra-del-fuego-es-bastante-peor-que-la-del-resto-del-pais","status":"publish","type":"post","link":"https:\/\/archivosonoro.com.ar\/wordpress\/?p=2549","title":{"rendered":"De La Riva A: \u00abLa justicia de Tierra del Fuego es bastante peor que la del resto del pa\u00eds\u00bb."},"content":{"rendered":"<p>La justicia desestim\u00f3 la denuncia que por amenazas radicara el abogado riograndense Alejandro De La Riva. \u00abVamos a apelar la resoluci\u00f3n. Es llamativo que me haya puesto custodia casi un mes el Juez porque sabe la personalidad del santacruce\u00f1o, todos saben que es un mat\u00f3n a sueldo del ex-gobernador Colazo. Todos saben que el oficio de \u00e9l es apretar gente\u00bb, dijo en FM Universidad.<br \/>\nDe La Riva record\u00f3 la causa que origina la amenaza y destac\u00f3: \u00abque la justicia de Tierra del Fuego sobresea a un delincuente no es una novedad\u00bb.<\/p>\n","protected":false},"excerpt":{"rendered":"<p>La justicia desestim\u00f3 la denuncia que por amenazas radicara el abogado riograndense Alejandro De La Riva. \u00abVamos a apelar la resoluci\u00f3n. Es llamativo que me haya puesto custodia casi un mes el Juez porque sabe la personalidad del santacruce\u00f1o, todos saben que es un mat\u00f3n a sueldo del ex-gobernador Colazo. Todos saben que el oficio [&hellip;]<\/p>\n","protected":false},"author":7,"featured_media":0,"comment_status":"open","ping_status":"open","sticky":false,"template":"","format":"standard","meta":{"footnotes":""},"categories":[543],"tags":[372,602],"class_list":["post-2549","post","type-post","status-publish","format-standard","hentry","category-fm-universidad","tag-colazo","tag-de-la-riva"],"_links":{"self":[{"href":"https:\/\/archivosonoro.com.ar\/wordpress\/index.php?rest_route=\/wp\/v2\/posts\/2549","targetHints":{"allow":["GET"]}}],"collection":[{"href":"https:\/\/archivosonoro.com.ar\/wordpress\/index.php?rest_route=\/wp\/v2\/posts"}],"about":[{"href":"https:\/\/archivosonoro.com.ar\/wordpress\/index.php?rest_route=\/wp\/v2\/types\/post"}],"author":[{"embeddable":true,"href":"https:\/\/archivosonoro.com.ar\/wordpress\/index.php?rest_route=\/wp\/v2\/users\/7"}],"replies":[{"embeddable":true,"href":"https:\/\/archivosonoro.com.ar\/wordpress\/index.php?rest_route=%2Fwp%2Fv2%2Fcomments&post=2549"}],"version-history":[{"count":1,"href":"https:\/\/archivosonoro.com.ar\/wordpress\/index.php?rest_route=\/wp\/v2\/posts\/2549\/revisions"}],"predecessor-version":[{"id":2550,"href":"https:\/\/archivosonoro.com.ar\/wordpress\/index.php?rest_route=\/wp\/v2\/posts\/2549\/revisions\/2550"}],"wp:attachment":[{"href":"https:\/\/archivosonoro.com.ar\/wordpress\/index.php?rest_route=%2Fwp%2Fv2%2Fmedia&parent=2549"}],"wp:term":[{"taxonomy":"category","embeddable":true,"href":"https:\/\/archivosonoro.com.ar\/wordpress\/index.php?rest_route=%2Fwp%2Fv2%2Fcategories&post=2549"},{"taxonomy":"post_tag","embeddable":true,"href":"https:\/\/archivosonoro.com.ar\/wordpress\/index.php?rest_route=%2Fwp%2Fv2%2Ftags&post=2549"}],"curies":[{"name":"wp","href":"https:\/\/api.w.org\/{rel}","templated":true}]}}