{"id":2545,"date":"2012-08-03T11:53:43","date_gmt":"2012-08-03T14:53:43","guid":{"rendered":"http:\/\/archivosonoro.com.ar\/?p=2545"},"modified":"2012-08-03T11:53:43","modified_gmt":"2012-08-03T14:53:43","slug":"lechman-j-ipauss-no-podemos-permitir-que-la-deuda-se-siga-acrecentando","status":"publish","type":"post","link":"https:\/\/archivosonoro.com.ar\/wordpress\/?p=2545","title":{"rendered":"Lechman J: IPAUSS: \u00abno podemos permitir que la deuda se siga acrecentando\u00bb."},"content":{"rendered":"<p>Ayer hubo una reuni\u00f3n de la comisi\u00f3n de seguimiento del IPAUSS con el directorio del organismo, miembros del Tribunal de Cuentas y la Fiscal\u00eda de Estado, Jorge Lechman resalt\u00f3 la disposici\u00f3n para el di\u00e1logo y asegur\u00f3 que como legislador no puede permitir que la deuda se siga acrecentando. \u00abSeguramente el gobierno provincial o el directorio del IPAUSS deber\u00e1 resignar algo\u00bb, dijo en Radio Uno de Ushuaia.<\/p>\n","protected":false},"excerpt":{"rendered":"<p>Ayer hubo una reuni\u00f3n de la comisi\u00f3n de seguimiento del IPAUSS con el directorio del organismo, miembros del Tribunal de Cuentas y la Fiscal\u00eda de Estado, Jorge Lechman resalt\u00f3 la disposici\u00f3n para el di\u00e1logo y asegur\u00f3 que como legislador no puede permitir que la deuda se siga acrecentando. \u00abSeguramente el gobierno provincial o el directorio [&hellip;]<\/p>\n","protected":false},"author":7,"featured_media":0,"comment_status":"open","ping_status":"open","sticky":false,"template":"","format":"standard","meta":{"footnotes":""},"categories":[41],"tags":[5,499],"class_list":["post-2545","post","type-post","status-publish","format-standard","hentry","category-radio-uno","tag-ipauss","tag-lechman"],"_links":{"self":[{"href":"https:\/\/archivosonoro.com.ar\/wordpress\/index.php?rest_route=\/wp\/v2\/posts\/2545","targetHints":{"allow":["GET"]}}],"collection":[{"href":"https:\/\/archivosonoro.com.ar\/wordpress\/index.php?rest_route=\/wp\/v2\/posts"}],"about":[{"href":"https:\/\/archivosonoro.com.ar\/wordpress\/index.php?rest_route=\/wp\/v2\/types\/post"}],"author":[{"embeddable":true,"href":"https:\/\/archivosonoro.com.ar\/wordpress\/index.php?rest_route=\/wp\/v2\/users\/7"}],"replies":[{"embeddable":true,"href":"https:\/\/archivosonoro.com.ar\/wordpress\/index.php?rest_route=%2Fwp%2Fv2%2Fcomments&post=2545"}],"version-history":[{"count":1,"href":"https:\/\/archivosonoro.com.ar\/wordpress\/index.php?rest_route=\/wp\/v2\/posts\/2545\/revisions"}],"predecessor-version":[{"id":2546,"href":"https:\/\/archivosonoro.com.ar\/wordpress\/index.php?rest_route=\/wp\/v2\/posts\/2545\/revisions\/2546"}],"wp:attachment":[{"href":"https:\/\/archivosonoro.com.ar\/wordpress\/index.php?rest_route=%2Fwp%2Fv2%2Fmedia&parent=2545"}],"wp:term":[{"taxonomy":"category","embeddable":true,"href":"https:\/\/archivosonoro.com.ar\/wordpress\/index.php?rest_route=%2Fwp%2Fv2%2Fcategories&post=2545"},{"taxonomy":"post_tag","embeddable":true,"href":"https:\/\/archivosonoro.com.ar\/wordpress\/index.php?rest_route=%2Fwp%2Fv2%2Ftags&post=2545"}],"curies":[{"name":"wp","href":"https:\/\/api.w.org\/{rel}","templated":true}]}}