{"id":2538,"date":"2012-08-02T12:05:27","date_gmt":"2012-08-02T15:05:27","guid":{"rendered":"http:\/\/archivosonoro.com.ar\/?p=2538"},"modified":"2012-08-02T12:05:27","modified_gmt":"2012-08-02T15:05:27","slug":"navarro-d-la-camara-de-comercio-rio-grande-asistira-a-la-comision-que-analiza-la-reforma-tributaria","status":"publish","type":"post","link":"https:\/\/archivosonoro.com.ar\/wordpress\/?p=2538","title":{"rendered":"Navarro D: La C\u00e1mara de Comercio R\u00edo Grande asistir\u00e1 a la Comisi\u00f3n que analiza la reforma tributaria."},"content":{"rendered":"<p>Desde la C\u00e1mara de Comercio, Diego Navarro no quiso opinar sobre la implicancia del Decreto N\u00b0 1277 por no conocer el tema en profundidad y respondi\u00f3 en FM Ritual sobre el inicio del tratamiento legislativo de la reforma tributaria impulsada por gobierno. Confirm\u00f3 la presencia en la Comisi\u00f3n la semana que viene y afirm\u00f3: \u00ablo que no se entiende de todo esto es que con 5 mil millones de presupuesto presentado para la cantidad de habitantes de Tierra del Fuego, un presupuesto \u00fanico en todo el pa\u00eds, tener las falencias de servicio por parte de lo que le corresponde al Estado, realmente, no se entiende para que se quiere cuando tambi\u00e9n se sabe que ya estar\u00eda gastado cualquier cosa que tome, no se ver\u00eda ninguna mejora\u00bb<\/p>\n","protected":false},"excerpt":{"rendered":"<p>Desde la C\u00e1mara de Comercio, Diego Navarro no quiso opinar sobre la implicancia del Decreto N\u00b0 1277 por no conocer el tema en profundidad y respondi\u00f3 en FM Ritual sobre el inicio del tratamiento legislativo de la reforma tributaria impulsada por gobierno. Confirm\u00f3 la presencia en la Comisi\u00f3n la semana que viene y afirm\u00f3: \u00ablo [&hellip;]<\/p>\n","protected":false},"author":7,"featured_media":0,"comment_status":"open","ping_status":"open","sticky":false,"template":"","format":"standard","meta":{"footnotes":""},"categories":[542],"tags":[426,392],"class_list":["post-2538","post","type-post","status-publish","format-standard","hentry","category-fm-ritual","tag-camara-de-comercio-de-rio-grande","tag-navarro"],"_links":{"self":[{"href":"https:\/\/archivosonoro.com.ar\/wordpress\/index.php?rest_route=\/wp\/v2\/posts\/2538","targetHints":{"allow":["GET"]}}],"collection":[{"href":"https:\/\/archivosonoro.com.ar\/wordpress\/index.php?rest_route=\/wp\/v2\/posts"}],"about":[{"href":"https:\/\/archivosonoro.com.ar\/wordpress\/index.php?rest_route=\/wp\/v2\/types\/post"}],"author":[{"embeddable":true,"href":"https:\/\/archivosonoro.com.ar\/wordpress\/index.php?rest_route=\/wp\/v2\/users\/7"}],"replies":[{"embeddable":true,"href":"https:\/\/archivosonoro.com.ar\/wordpress\/index.php?rest_route=%2Fwp%2Fv2%2Fcomments&post=2538"}],"version-history":[{"count":1,"href":"https:\/\/archivosonoro.com.ar\/wordpress\/index.php?rest_route=\/wp\/v2\/posts\/2538\/revisions"}],"predecessor-version":[{"id":2539,"href":"https:\/\/archivosonoro.com.ar\/wordpress\/index.php?rest_route=\/wp\/v2\/posts\/2538\/revisions\/2539"}],"wp:attachment":[{"href":"https:\/\/archivosonoro.com.ar\/wordpress\/index.php?rest_route=%2Fwp%2Fv2%2Fmedia&parent=2538"}],"wp:term":[{"taxonomy":"category","embeddable":true,"href":"https:\/\/archivosonoro.com.ar\/wordpress\/index.php?rest_route=%2Fwp%2Fv2%2Fcategories&post=2538"},{"taxonomy":"post_tag","embeddable":true,"href":"https:\/\/archivosonoro.com.ar\/wordpress\/index.php?rest_route=%2Fwp%2Fv2%2Ftags&post=2538"}],"curies":[{"name":"wp","href":"https:\/\/api.w.org\/{rel}","templated":true}]}}