{"id":2523,"date":"2012-08-01T11:50:48","date_gmt":"2012-08-01T14:50:48","guid":{"rendered":"http:\/\/archivosonoro.com.ar\/?p=2523"},"modified":"2012-08-01T11:50:48","modified_gmt":"2012-08-01T14:50:48","slug":"perez-a-atsa-reclama-la-inmediata-equiparacion-de-adicionales","status":"publish","type":"post","link":"https:\/\/archivosonoro.com.ar\/wordpress\/?p=2523","title":{"rendered":"Perez A: ATSA reclama la inmediata equiparaci\u00f3n de  adicionales."},"content":{"rendered":"<p>Ma\u00f1ana continuar\u00e1n las asambleas en el Hospital Regional R\u00edo Grande y luego se har\u00e1 una conferencia de prensa \u00abpara demostrar cu\u00e1l es la disconformidad que tiene el sector\u00bb, anunci\u00f3 desde ATSA, Alejandro Perez.<br \/>\nEntrevistado en FM Ritual, el dirigente sindical agreg\u00f3 que pedir\u00e1n una reuni\u00f3n con la Comisi\u00f3n N\u00b0 5 de salud de la legislatura provincial para demostrar con papeles la desigualdad del sector que reclama la equiparacion de adicionales con $500 al salario b\u00e1sico.<\/p>\n","protected":false},"excerpt":{"rendered":"<p>Ma\u00f1ana continuar\u00e1n las asambleas en el Hospital Regional R\u00edo Grande y luego se har\u00e1 una conferencia de prensa \u00abpara demostrar cu\u00e1l es la disconformidad que tiene el sector\u00bb, anunci\u00f3 desde ATSA, Alejandro Perez. Entrevistado en FM Ritual, el dirigente sindical agreg\u00f3 que pedir\u00e1n una reuni\u00f3n con la Comisi\u00f3n N\u00b0 5 de salud de la legislatura [&hellip;]<\/p>\n","protected":false},"author":7,"featured_media":0,"comment_status":"open","ping_status":"open","sticky":false,"template":"","format":"standard","meta":{"footnotes":""},"categories":[542],"tags":[117,466],"class_list":["post-2523","post","type-post","status-publish","format-standard","hentry","category-fm-ritual","tag-atsa","tag-perez"],"_links":{"self":[{"href":"https:\/\/archivosonoro.com.ar\/wordpress\/index.php?rest_route=\/wp\/v2\/posts\/2523","targetHints":{"allow":["GET"]}}],"collection":[{"href":"https:\/\/archivosonoro.com.ar\/wordpress\/index.php?rest_route=\/wp\/v2\/posts"}],"about":[{"href":"https:\/\/archivosonoro.com.ar\/wordpress\/index.php?rest_route=\/wp\/v2\/types\/post"}],"author":[{"embeddable":true,"href":"https:\/\/archivosonoro.com.ar\/wordpress\/index.php?rest_route=\/wp\/v2\/users\/7"}],"replies":[{"embeddable":true,"href":"https:\/\/archivosonoro.com.ar\/wordpress\/index.php?rest_route=%2Fwp%2Fv2%2Fcomments&post=2523"}],"version-history":[{"count":1,"href":"https:\/\/archivosonoro.com.ar\/wordpress\/index.php?rest_route=\/wp\/v2\/posts\/2523\/revisions"}],"predecessor-version":[{"id":2524,"href":"https:\/\/archivosonoro.com.ar\/wordpress\/index.php?rest_route=\/wp\/v2\/posts\/2523\/revisions\/2524"}],"wp:attachment":[{"href":"https:\/\/archivosonoro.com.ar\/wordpress\/index.php?rest_route=%2Fwp%2Fv2%2Fmedia&parent=2523"}],"wp:term":[{"taxonomy":"category","embeddable":true,"href":"https:\/\/archivosonoro.com.ar\/wordpress\/index.php?rest_route=%2Fwp%2Fv2%2Fcategories&post=2523"},{"taxonomy":"post_tag","embeddable":true,"href":"https:\/\/archivosonoro.com.ar\/wordpress\/index.php?rest_route=%2Fwp%2Fv2%2Ftags&post=2523"}],"curies":[{"name":"wp","href":"https:\/\/api.w.org\/{rel}","templated":true}]}}