{"id":2519,"date":"2012-08-01T11:42:33","date_gmt":"2012-08-01T14:42:33","guid":{"rendered":"http:\/\/archivosonoro.com.ar\/?p=2519"},"modified":"2012-08-01T11:42:57","modified_gmt":"2012-08-01T14:42:57","slug":"cordoba-m-mucho-ruido-y-no-se-resolvieron-cosas-importantes","status":"publish","type":"post","link":"https:\/\/archivosonoro.com.ar\/wordpress\/?p=2519","title":{"rendered":"C\u00f3rdoba M: \u00abSe ha hecho mucho ruido y no se resolvieron cosas importantes\u00bb"},"content":{"rendered":"<p>\u00abSe ha hecho mucho ruido y no se han resuelto cosas que son importantes y que tienen que ver con la vida cotidiana y el funcionamiento del estado provincial. Se viene tapando m\u00e1s con cartillas de prensa y propaganda que con hechos concretos\u00bb, dijo Marcelo C\u00f3rdoba en FM Ritual.<br \/>\nEl Secretario General de la Seccional R\u00edo Grande de ATE cuestion\u00f3 la calidad institucional de los poderes legislativo y ejecutivo y profundiz\u00f3 en la interpelaci\u00f3n a la Ministra Grieco: \u00abfue una joda para la gente\u00bb, afirm\u00f3.<br \/>\nEn relaci\u00f3n al pedido de aumento para los municipales de R\u00edo Grande se\u00f1al\u00f3 que esta semana ser\u00e1 la definitiva y explic\u00f3 el reclamo que se lleva adelante en el sector.<\/p>\n","protected":false},"excerpt":{"rendered":"<p>\u00abSe ha hecho mucho ruido y no se han resuelto cosas que son importantes y que tienen que ver con la vida cotidiana y el funcionamiento del estado provincial. Se viene tapando m\u00e1s con cartillas de prensa y propaganda que con hechos concretos\u00bb, dijo Marcelo C\u00f3rdoba en FM Ritual. El Secretario General de la Seccional [&hellip;]<\/p>\n","protected":false},"author":7,"featured_media":0,"comment_status":"open","ping_status":"open","sticky":false,"template":"","format":"standard","meta":{"footnotes":""},"categories":[542],"tags":[10,13,51],"class_list":["post-2519","post","type-post","status-publish","format-standard","hentry","category-fm-ritual","tag-ate","tag-cordoba","tag-grieco"],"_links":{"self":[{"href":"https:\/\/archivosonoro.com.ar\/wordpress\/index.php?rest_route=\/wp\/v2\/posts\/2519","targetHints":{"allow":["GET"]}}],"collection":[{"href":"https:\/\/archivosonoro.com.ar\/wordpress\/index.php?rest_route=\/wp\/v2\/posts"}],"about":[{"href":"https:\/\/archivosonoro.com.ar\/wordpress\/index.php?rest_route=\/wp\/v2\/types\/post"}],"author":[{"embeddable":true,"href":"https:\/\/archivosonoro.com.ar\/wordpress\/index.php?rest_route=\/wp\/v2\/users\/7"}],"replies":[{"embeddable":true,"href":"https:\/\/archivosonoro.com.ar\/wordpress\/index.php?rest_route=%2Fwp%2Fv2%2Fcomments&post=2519"}],"version-history":[{"count":2,"href":"https:\/\/archivosonoro.com.ar\/wordpress\/index.php?rest_route=\/wp\/v2\/posts\/2519\/revisions"}],"predecessor-version":[{"id":2521,"href":"https:\/\/archivosonoro.com.ar\/wordpress\/index.php?rest_route=\/wp\/v2\/posts\/2519\/revisions\/2521"}],"wp:attachment":[{"href":"https:\/\/archivosonoro.com.ar\/wordpress\/index.php?rest_route=%2Fwp%2Fv2%2Fmedia&parent=2519"}],"wp:term":[{"taxonomy":"category","embeddable":true,"href":"https:\/\/archivosonoro.com.ar\/wordpress\/index.php?rest_route=%2Fwp%2Fv2%2Fcategories&post=2519"},{"taxonomy":"post_tag","embeddable":true,"href":"https:\/\/archivosonoro.com.ar\/wordpress\/index.php?rest_route=%2Fwp%2Fv2%2Ftags&post=2519"}],"curies":[{"name":"wp","href":"https:\/\/api.w.org\/{rel}","templated":true}]}}