{"id":2514,"date":"2012-08-01T11:02:41","date_gmt":"2012-08-01T14:02:41","guid":{"rendered":"http:\/\/archivosonoro.com.ar\/?p=2514"},"modified":"2012-08-01T11:02:41","modified_gmt":"2012-08-01T14:02:41","slug":"sentencia-firme-para-la-destitucion-de-ricciuti","status":"publish","type":"post","link":"https:\/\/archivosonoro.com.ar\/wordpress\/?p=2514","title":{"rendered":"Sentencia firme para la destituci\u00f3n de Ricciuti."},"content":{"rendered":"<p>El Superior Tribunal de Justicia confirm\u00f3 la destituci\u00f3n del Contador Claudio Ricciuti como miembro del Tribunal de Cuentas y la inhabilitaci\u00f3n para ocupar cargos p\u00fablicos por 5 a\u00f1os. \u00abEs un fallo sibilino que en principio ni siquiera advirti\u00f3 o no quiso advertir la violaci\u00f3n de la garant\u00eda m\u00e1s sagrada que tiene cualquier ciudadano que es ser juzgado por jueces imparciales. Aparentemente el Superior Tribunal de Justicia no advirti\u00f3 que de los 15 legisladores que me sometieron a juicio, 14 fueron los que fallaron en mi contra, y precisamente ten\u00edan todos y cada uno de ellos motivos suficientes como por lo menos apartarse del tema porque no pod\u00edan ser objetivos en su evaluaci\u00f3n\u00bb, declar\u00f3 en FM del Sur.<\/p>\n","protected":false},"excerpt":{"rendered":"<p>El Superior Tribunal de Justicia confirm\u00f3 la destituci\u00f3n del Contador Claudio Ricciuti como miembro del Tribunal de Cuentas y la inhabilitaci\u00f3n para ocupar cargos p\u00fablicos por 5 a\u00f1os. \u00abEs un fallo sibilino que en principio ni siquiera advirti\u00f3 o no quiso advertir la violaci\u00f3n de la garant\u00eda m\u00e1s sagrada que tiene cualquier ciudadano que es [&hellip;]<\/p>\n","protected":false},"author":7,"featured_media":0,"comment_status":"open","ping_status":"open","sticky":false,"template":"","format":"standard","meta":{"footnotes":""},"categories":[17],"tags":[721],"class_list":["post-2514","post","type-post","status-publish","format-standard","hentry","category-fm-del-sur","tag-ricciuti"],"_links":{"self":[{"href":"https:\/\/archivosonoro.com.ar\/wordpress\/index.php?rest_route=\/wp\/v2\/posts\/2514","targetHints":{"allow":["GET"]}}],"collection":[{"href":"https:\/\/archivosonoro.com.ar\/wordpress\/index.php?rest_route=\/wp\/v2\/posts"}],"about":[{"href":"https:\/\/archivosonoro.com.ar\/wordpress\/index.php?rest_route=\/wp\/v2\/types\/post"}],"author":[{"embeddable":true,"href":"https:\/\/archivosonoro.com.ar\/wordpress\/index.php?rest_route=\/wp\/v2\/users\/7"}],"replies":[{"embeddable":true,"href":"https:\/\/archivosonoro.com.ar\/wordpress\/index.php?rest_route=%2Fwp%2Fv2%2Fcomments&post=2514"}],"version-history":[{"count":1,"href":"https:\/\/archivosonoro.com.ar\/wordpress\/index.php?rest_route=\/wp\/v2\/posts\/2514\/revisions"}],"predecessor-version":[{"id":2515,"href":"https:\/\/archivosonoro.com.ar\/wordpress\/index.php?rest_route=\/wp\/v2\/posts\/2514\/revisions\/2515"}],"wp:attachment":[{"href":"https:\/\/archivosonoro.com.ar\/wordpress\/index.php?rest_route=%2Fwp%2Fv2%2Fmedia&parent=2514"}],"wp:term":[{"taxonomy":"category","embeddable":true,"href":"https:\/\/archivosonoro.com.ar\/wordpress\/index.php?rest_route=%2Fwp%2Fv2%2Fcategories&post=2514"},{"taxonomy":"post_tag","embeddable":true,"href":"https:\/\/archivosonoro.com.ar\/wordpress\/index.php?rest_route=%2Fwp%2Fv2%2Ftags&post=2514"}],"curies":[{"name":"wp","href":"https:\/\/api.w.org\/{rel}","templated":true}]}}