{"id":2512,"date":"2012-07-31T12:29:49","date_gmt":"2012-07-31T15:29:49","guid":{"rendered":"http:\/\/archivosonoro.com.ar\/?p=2512"},"modified":"2012-07-31T12:29:49","modified_gmt":"2012-07-31T15:29:49","slug":"iglesias-jl-los-comercios-de-rio-grande-operaran-con-la-tarjeta-argenta","status":"publish","type":"post","link":"https:\/\/archivosonoro.com.ar\/wordpress\/?p=2512","title":{"rendered":"Iglesias JL: Los comercios de R\u00edo Grande operar\u00e1n con la tarjeta ARGENTA."},"content":{"rendered":"<p>La C\u00e1mara de Comercio de R\u00edo Grande sell\u00f3 un convenio con la ANSES por la utilizaci\u00f3n de la tarjeta ARGENTA en los comercios locales. Jos\u00e9 Luis Iglesias dio detalles del acuerdo y se\u00f1al\u00f3 que trabajar\u00e1n para que sean muchos los negocios que operen con esta tarjeta que llega a jubilados y pensionados a trav\u00e9s del organismo nacional.<br \/>\nDurante la entrevista de FM Universidad, Iglesias tambi\u00e9n opin\u00f3 sobre el inicio del tratamiento legislativo a la reforma tributaria impulsada por el ejecutivo provincial recalcando el rechazo al aumento de la al\u00edcuota impositiva.<\/p>\n","protected":false},"excerpt":{"rendered":"<p>La C\u00e1mara de Comercio de R\u00edo Grande sell\u00f3 un convenio con la ANSES por la utilizaci\u00f3n de la tarjeta ARGENTA en los comercios locales. Jos\u00e9 Luis Iglesias dio detalles del acuerdo y se\u00f1al\u00f3 que trabajar\u00e1n para que sean muchos los negocios que operen con esta tarjeta que llega a jubilados y pensionados a trav\u00e9s del [&hellip;]<\/p>\n","protected":false},"author":7,"featured_media":0,"comment_status":"open","ping_status":"open","sticky":false,"template":"","format":"standard","meta":{"footnotes":""},"categories":[543],"tags":[759,425],"class_list":["post-2512","post","type-post","status-publish","format-standard","hentry","category-fm-universidad","tag-argenta","tag-iglesias"],"_links":{"self":[{"href":"https:\/\/archivosonoro.com.ar\/wordpress\/index.php?rest_route=\/wp\/v2\/posts\/2512","targetHints":{"allow":["GET"]}}],"collection":[{"href":"https:\/\/archivosonoro.com.ar\/wordpress\/index.php?rest_route=\/wp\/v2\/posts"}],"about":[{"href":"https:\/\/archivosonoro.com.ar\/wordpress\/index.php?rest_route=\/wp\/v2\/types\/post"}],"author":[{"embeddable":true,"href":"https:\/\/archivosonoro.com.ar\/wordpress\/index.php?rest_route=\/wp\/v2\/users\/7"}],"replies":[{"embeddable":true,"href":"https:\/\/archivosonoro.com.ar\/wordpress\/index.php?rest_route=%2Fwp%2Fv2%2Fcomments&post=2512"}],"version-history":[{"count":1,"href":"https:\/\/archivosonoro.com.ar\/wordpress\/index.php?rest_route=\/wp\/v2\/posts\/2512\/revisions"}],"predecessor-version":[{"id":2513,"href":"https:\/\/archivosonoro.com.ar\/wordpress\/index.php?rest_route=\/wp\/v2\/posts\/2512\/revisions\/2513"}],"wp:attachment":[{"href":"https:\/\/archivosonoro.com.ar\/wordpress\/index.php?rest_route=%2Fwp%2Fv2%2Fmedia&parent=2512"}],"wp:term":[{"taxonomy":"category","embeddable":true,"href":"https:\/\/archivosonoro.com.ar\/wordpress\/index.php?rest_route=%2Fwp%2Fv2%2Fcategories&post=2512"},{"taxonomy":"post_tag","embeddable":true,"href":"https:\/\/archivosonoro.com.ar\/wordpress\/index.php?rest_route=%2Fwp%2Fv2%2Ftags&post=2512"}],"curies":[{"name":"wp","href":"https:\/\/api.w.org\/{rel}","templated":true}]}}