{"id":2510,"date":"2012-07-31T11:57:26","date_gmt":"2012-07-31T14:57:26","guid":{"rendered":"http:\/\/archivosonoro.com.ar\/?p=2510"},"modified":"2012-07-31T11:57:26","modified_gmt":"2012-07-31T14:57:26","slug":"blanco-p-no-se-contaria-con-los-fondos-del-fideicomiso-austral","status":"publish","type":"post","link":"https:\/\/archivosonoro.com.ar\/wordpress\/?p=2510","title":{"rendered":"Blanco P: No se contar\u00eda con los fondos del Fideicomiso Austral."},"content":{"rendered":"<p>El Legislador radical Pablo Blanco cuestion\u00f3 el Fideicomiso Austral por el cambio de modalidad en cuanto a la disposici\u00f3n del dinero para ejecutar obras: \u00abaparentemente lo que era un fondo fiduciario ya no lo es m\u00e1s, porque un fondo fiduciario es un fondo donde est\u00e1n los recursos para financiar las obras y por lo que pude averiguar, ahora los fondos van a estar contra la presentaci\u00f3n de los certificados\u00bb, asegur\u00f3 en FM Ritual.<br \/>\nAdem\u00e1s, confirm\u00f3 que con la presencia del Secretario de Ingresos P\u00fablicos, Cristian Durrieu en la Comisi\u00f3n N\u00b02 de Econom\u00eda y Presupuesto hoy a las 13Hs. comienza el an\u00e1lisis de la reforma tributaria enviada por el gobierno provincial. <\/p>\n","protected":false},"excerpt":{"rendered":"<p>El Legislador radical Pablo Blanco cuestion\u00f3 el Fideicomiso Austral por el cambio de modalidad en cuanto a la disposici\u00f3n del dinero para ejecutar obras: \u00abaparentemente lo que era un fondo fiduciario ya no lo es m\u00e1s, porque un fondo fiduciario es un fondo donde est\u00e1n los recursos para financiar las obras y por lo que [&hellip;]<\/p>\n","protected":false},"author":7,"featured_media":0,"comment_status":"open","ping_status":"open","sticky":false,"template":"","format":"standard","meta":{"footnotes":""},"categories":[542],"tags":[68,108],"class_list":["post-2510","post","type-post","status-publish","format-standard","hentry","category-fm-ritual","tag-blanco","tag-durrieu"],"_links":{"self":[{"href":"https:\/\/archivosonoro.com.ar\/wordpress\/index.php?rest_route=\/wp\/v2\/posts\/2510","targetHints":{"allow":["GET"]}}],"collection":[{"href":"https:\/\/archivosonoro.com.ar\/wordpress\/index.php?rest_route=\/wp\/v2\/posts"}],"about":[{"href":"https:\/\/archivosonoro.com.ar\/wordpress\/index.php?rest_route=\/wp\/v2\/types\/post"}],"author":[{"embeddable":true,"href":"https:\/\/archivosonoro.com.ar\/wordpress\/index.php?rest_route=\/wp\/v2\/users\/7"}],"replies":[{"embeddable":true,"href":"https:\/\/archivosonoro.com.ar\/wordpress\/index.php?rest_route=%2Fwp%2Fv2%2Fcomments&post=2510"}],"version-history":[{"count":1,"href":"https:\/\/archivosonoro.com.ar\/wordpress\/index.php?rest_route=\/wp\/v2\/posts\/2510\/revisions"}],"predecessor-version":[{"id":2511,"href":"https:\/\/archivosonoro.com.ar\/wordpress\/index.php?rest_route=\/wp\/v2\/posts\/2510\/revisions\/2511"}],"wp:attachment":[{"href":"https:\/\/archivosonoro.com.ar\/wordpress\/index.php?rest_route=%2Fwp%2Fv2%2Fmedia&parent=2510"}],"wp:term":[{"taxonomy":"category","embeddable":true,"href":"https:\/\/archivosonoro.com.ar\/wordpress\/index.php?rest_route=%2Fwp%2Fv2%2Fcategories&post=2510"},{"taxonomy":"post_tag","embeddable":true,"href":"https:\/\/archivosonoro.com.ar\/wordpress\/index.php?rest_route=%2Fwp%2Fv2%2Ftags&post=2510"}],"curies":[{"name":"wp","href":"https:\/\/api.w.org\/{rel}","templated":true}]}}