{"id":2495,"date":"2012-07-30T11:24:59","date_gmt":"2012-07-30T14:24:59","guid":{"rendered":"http:\/\/archivosonoro.com.ar\/?p=2495"},"modified":"2012-07-30T11:24:59","modified_gmt":"2012-07-30T14:24:59","slug":"heredia-m-ya-es-tarde-para-negociar","status":"publish","type":"post","link":"https:\/\/archivosonoro.com.ar\/wordpress\/?p=2495","title":{"rendered":"Heredia M: \u00abYa es tarde para negociar\u00bb."},"content":{"rendered":"<p>Maximiliano Heredia dud\u00f3 que el gobierno cancele su deuda con el IPAUSS a\u00fan con la propuesta presentada y resalt\u00f3: \u00ablas negociaciones se hacen antes de ir a juicio, no cuando uno tiene una sentencia firme para ejecutar\u00bb. El director por los activos record\u00f3 cu\u00e1l es la deuda hist\u00f3rica que mantiene el gobierno con el organismo previsional y recalc\u00f3 que hoy por hoy, cumple con sus obligaciones con recursos propios. En cuanto a la postura del directorio, respondi\u00f3 en  FM Radio Uno: \u00abestoy seguro que hay directores que no van a negociar a la baja\u00bb.<\/p>\n","protected":false},"excerpt":{"rendered":"<p>Maximiliano Heredia dud\u00f3 que el gobierno cancele su deuda con el IPAUSS a\u00fan con la propuesta presentada y resalt\u00f3: \u00ablas negociaciones se hacen antes de ir a juicio, no cuando uno tiene una sentencia firme para ejecutar\u00bb. El director por los activos record\u00f3 cu\u00e1l es la deuda hist\u00f3rica que mantiene el gobierno con el organismo [&hellip;]<\/p>\n","protected":false},"author":7,"featured_media":0,"comment_status":"open","ping_status":"open","sticky":false,"template":"","format":"standard","meta":{"footnotes":""},"categories":[41],"tags":[110,5],"class_list":["post-2495","post","type-post","status-publish","format-standard","hentry","category-radio-uno","tag-heredia","tag-ipauss"],"_links":{"self":[{"href":"https:\/\/archivosonoro.com.ar\/wordpress\/index.php?rest_route=\/wp\/v2\/posts\/2495","targetHints":{"allow":["GET"]}}],"collection":[{"href":"https:\/\/archivosonoro.com.ar\/wordpress\/index.php?rest_route=\/wp\/v2\/posts"}],"about":[{"href":"https:\/\/archivosonoro.com.ar\/wordpress\/index.php?rest_route=\/wp\/v2\/types\/post"}],"author":[{"embeddable":true,"href":"https:\/\/archivosonoro.com.ar\/wordpress\/index.php?rest_route=\/wp\/v2\/users\/7"}],"replies":[{"embeddable":true,"href":"https:\/\/archivosonoro.com.ar\/wordpress\/index.php?rest_route=%2Fwp%2Fv2%2Fcomments&post=2495"}],"version-history":[{"count":1,"href":"https:\/\/archivosonoro.com.ar\/wordpress\/index.php?rest_route=\/wp\/v2\/posts\/2495\/revisions"}],"predecessor-version":[{"id":2496,"href":"https:\/\/archivosonoro.com.ar\/wordpress\/index.php?rest_route=\/wp\/v2\/posts\/2495\/revisions\/2496"}],"wp:attachment":[{"href":"https:\/\/archivosonoro.com.ar\/wordpress\/index.php?rest_route=%2Fwp%2Fv2%2Fmedia&parent=2495"}],"wp:term":[{"taxonomy":"category","embeddable":true,"href":"https:\/\/archivosonoro.com.ar\/wordpress\/index.php?rest_route=%2Fwp%2Fv2%2Fcategories&post=2495"},{"taxonomy":"post_tag","embeddable":true,"href":"https:\/\/archivosonoro.com.ar\/wordpress\/index.php?rest_route=%2Fwp%2Fv2%2Ftags&post=2495"}],"curies":[{"name":"wp","href":"https:\/\/api.w.org\/{rel}","templated":true}]}}