{"id":2481,"date":"2012-07-29T02:34:53","date_gmt":"2012-07-29T05:34:53","guid":{"rendered":"http:\/\/archivosonoro.com.ar\/?p=2481"},"modified":"2012-07-30T12:43:43","modified_gmt":"2012-07-30T15:43:43","slug":"medicos-y-legisladores-analizan-interpelacion-a-la-ministra-grieco-02","status":"publish","type":"post","link":"https:\/\/archivosonoro.com.ar\/wordpress\/?p=2481","title":{"rendered":"M\u00e9dicos y legisladores analizan interpelaci\u00f3n a la Ministra Grieco 03"},"content":{"rendered":"<p>En el tercer bloque de \u00abDos preguntan\u00bb se intensific\u00f3 la discusi\u00f3n enfocada desde claros sitios diferentes, por un lado la realidad cotidiana de los m\u00e9dicos frente a sus pacientes y por el otro, la visi\u00f3n pol\u00edtica. Carmassi reclam\u00f3 a Miriam Mart\u00ednez, \u00abLegisladora, mientras en esta mesa estamos discutiendo cuestiones sem\u00e1nticas, neonatolog\u00eda tiene dos neonat\u00f3logos para hacer guardia\u00bb. A tal punto, que se recurri\u00f3 a la pausa para calmar la \u00e1lgida discusi\u00f3n porque no se entend\u00eda el planteo de ninguno de los participantes. El tema de los insumos del hospital tambi\u00e9n fue punto de enfrentamientos y los profesionales destacaron que aparecieron a partir del pedido de interpelaci\u00f3n de la Ministra.<\/p>\n","protected":false},"excerpt":{"rendered":"<p>En el tercer bloque de \u00abDos preguntan\u00bb se intensific\u00f3 la discusi\u00f3n enfocada desde claros sitios diferentes, por un lado la realidad cotidiana de los m\u00e9dicos frente a sus pacientes y por el otro, la visi\u00f3n pol\u00edtica. Carmassi reclam\u00f3 a Miriam Mart\u00ednez, \u00abLegisladora, mientras en esta mesa estamos discutiendo cuestiones sem\u00e1nticas, neonatolog\u00eda tiene dos neonat\u00f3logos para [&hellip;]<\/p>\n","protected":false},"author":7,"featured_media":0,"comment_status":"open","ping_status":"open","sticky":false,"template":"","format":"standard","meta":{"footnotes":""},"categories":[543],"tags":[131,358,39],"class_list":["post-2481","post","type-post","status-publish","format-standard","hentry","category-fm-universidad","tag-carmassi","tag-marinello","tag-martinez"],"_links":{"self":[{"href":"https:\/\/archivosonoro.com.ar\/wordpress\/index.php?rest_route=\/wp\/v2\/posts\/2481","targetHints":{"allow":["GET"]}}],"collection":[{"href":"https:\/\/archivosonoro.com.ar\/wordpress\/index.php?rest_route=\/wp\/v2\/posts"}],"about":[{"href":"https:\/\/archivosonoro.com.ar\/wordpress\/index.php?rest_route=\/wp\/v2\/types\/post"}],"author":[{"embeddable":true,"href":"https:\/\/archivosonoro.com.ar\/wordpress\/index.php?rest_route=\/wp\/v2\/users\/7"}],"replies":[{"embeddable":true,"href":"https:\/\/archivosonoro.com.ar\/wordpress\/index.php?rest_route=%2Fwp%2Fv2%2Fcomments&post=2481"}],"version-history":[{"count":4,"href":"https:\/\/archivosonoro.com.ar\/wordpress\/index.php?rest_route=\/wp\/v2\/posts\/2481\/revisions"}],"predecessor-version":[{"id":2501,"href":"https:\/\/archivosonoro.com.ar\/wordpress\/index.php?rest_route=\/wp\/v2\/posts\/2481\/revisions\/2501"}],"wp:attachment":[{"href":"https:\/\/archivosonoro.com.ar\/wordpress\/index.php?rest_route=%2Fwp%2Fv2%2Fmedia&parent=2481"}],"wp:term":[{"taxonomy":"category","embeddable":true,"href":"https:\/\/archivosonoro.com.ar\/wordpress\/index.php?rest_route=%2Fwp%2Fv2%2Fcategories&post=2481"},{"taxonomy":"post_tag","embeddable":true,"href":"https:\/\/archivosonoro.com.ar\/wordpress\/index.php?rest_route=%2Fwp%2Fv2%2Ftags&post=2481"}],"curies":[{"name":"wp","href":"https:\/\/api.w.org\/{rel}","templated":true}]}}