{"id":2464,"date":"2012-07-28T12:34:41","date_gmt":"2012-07-28T15:34:41","guid":{"rendered":"http:\/\/archivosonoro.com.ar\/?p=2464"},"modified":"2012-07-29T02:10:03","modified_gmt":"2012-07-29T05:10:03","slug":"daniele-m-no-es-el-momento-de-hablar-de-candidaturas","status":"publish","type":"post","link":"https:\/\/archivosonoro.com.ar\/wordpress\/?p=2464","title":{"rendered":"Daniele M: \u00abEl radicalismo no se organiza como una fuerza alternativa\u00bb."},"content":{"rendered":"<p>En el recuerdo de los 60 a\u00f1os del fallecimiento de Eva Per\u00f3n, Mario Daniele rememor\u00f3 la figura de Evita y su legado principalmente para la clase trabajadora. \u00abPer\u00f3n sin Evita hubiese sido imposible haber llevado adelante la realidad que hoy tiene Argentina\u00bb, dijo en \u00abEl Correo de los s\u00e1bados\u00bb.<br \/>\nTambi\u00e9n habl\u00f3 de la situaci\u00f3n del PJ; del liderazgo de Cristina Fernandez de Kirchner y de la disputa entre la CGT y el gobierno. Consultado por cuestiones electorales respondi\u00f3 que no es momento de hablar de candidaturas; que ojal\u00e1 hubiera partidos pol\u00edticos opositores para competir. Sobre la UCR reconoci\u00f3 la importancia que tiene en Tierra del Fuego y lo diferenci\u00f3 de la situaci\u00f3n nacional en la que \u00abno se observa que es est\u00e9 organizando como una fuerza alternativa\u00bb.<\/p>\n","protected":false},"excerpt":{"rendered":"<p>En el recuerdo de los 60 a\u00f1os del fallecimiento de Eva Per\u00f3n, Mario Daniele rememor\u00f3 la figura de Evita y su legado principalmente para la clase trabajadora. \u00abPer\u00f3n sin Evita hubiese sido imposible haber llevado adelante la realidad que hoy tiene Argentina\u00bb, dijo en \u00abEl Correo de los s\u00e1bados\u00bb. Tambi\u00e9n habl\u00f3 de la situaci\u00f3n del [&hellip;]<\/p>\n","protected":false},"author":7,"featured_media":0,"comment_status":"open","ping_status":"open","sticky":false,"template":"","format":"standard","meta":{"footnotes":""},"categories":[14],"tags":[491,128,529,758,186],"class_list":["post-2464","post","type-post","status-publish","format-standard","hentry","category-fm-del-sol","tag-cgt","tag-cristina-fernandez-de-kirchner","tag-daniele","tag-eva-peron","tag-moyano"],"_links":{"self":[{"href":"https:\/\/archivosonoro.com.ar\/wordpress\/index.php?rest_route=\/wp\/v2\/posts\/2464","targetHints":{"allow":["GET"]}}],"collection":[{"href":"https:\/\/archivosonoro.com.ar\/wordpress\/index.php?rest_route=\/wp\/v2\/posts"}],"about":[{"href":"https:\/\/archivosonoro.com.ar\/wordpress\/index.php?rest_route=\/wp\/v2\/types\/post"}],"author":[{"embeddable":true,"href":"https:\/\/archivosonoro.com.ar\/wordpress\/index.php?rest_route=\/wp\/v2\/users\/7"}],"replies":[{"embeddable":true,"href":"https:\/\/archivosonoro.com.ar\/wordpress\/index.php?rest_route=%2Fwp%2Fv2%2Fcomments&post=2464"}],"version-history":[{"count":3,"href":"https:\/\/archivosonoro.com.ar\/wordpress\/index.php?rest_route=\/wp\/v2\/posts\/2464\/revisions"}],"predecessor-version":[{"id":2477,"href":"https:\/\/archivosonoro.com.ar\/wordpress\/index.php?rest_route=\/wp\/v2\/posts\/2464\/revisions\/2477"}],"wp:attachment":[{"href":"https:\/\/archivosonoro.com.ar\/wordpress\/index.php?rest_route=%2Fwp%2Fv2%2Fmedia&parent=2464"}],"wp:term":[{"taxonomy":"category","embeddable":true,"href":"https:\/\/archivosonoro.com.ar\/wordpress\/index.php?rest_route=%2Fwp%2Fv2%2Fcategories&post=2464"},{"taxonomy":"post_tag","embeddable":true,"href":"https:\/\/archivosonoro.com.ar\/wordpress\/index.php?rest_route=%2Fwp%2Fv2%2Ftags&post=2464"}],"curies":[{"name":"wp","href":"https:\/\/api.w.org\/{rel}","templated":true}]}}