{"id":2462,"date":"2012-07-28T12:22:35","date_gmt":"2012-07-28T15:22:35","guid":{"rendered":"http:\/\/archivosonoro.com.ar\/?p=2462"},"modified":"2012-07-30T12:43:51","modified_gmt":"2012-07-30T15:43:51","slug":"medicos-y-legisladores-analizan-interpelacion-a-ministra-grieco-02","status":"publish","type":"post","link":"https:\/\/archivosonoro.com.ar\/wordpress\/?p=2462","title":{"rendered":"M\u00e9dicos y legisladores analizan interpelaci\u00f3n a Ministra Grieco 02"},"content":{"rendered":"<p>Iniciando el segundo bloque de \u00abDos preguntan\u00bb de FM Universidad, el Dr Garc\u00eda, jubilado pero que realiza algunas pr\u00e1cticas ad honorem en el Hospital R\u00edo Grande defendi\u00f3 la modalidad de dedicaci\u00f3n exclusiva y defendi\u00f3 la gesti\u00f3n de Mar\u00eda Grieco y del equipo de gesti\u00f3n, resaltando los avances para el sector en este per\u00edodo.<br \/>\nContinuaron los enfrentamientos entre los legisladores Marinello y Mart\u00ednez, al punto que esta \u00faltima dijo: \u00abesto me agota\u00bb y el parlamentario oficialista intentaba permanentemente llevar a otros planos la discusi\u00f3n.<\/p>\n","protected":false},"excerpt":{"rendered":"<p>Iniciando el segundo bloque de \u00abDos preguntan\u00bb de FM Universidad, el Dr Garc\u00eda, jubilado pero que realiza algunas pr\u00e1cticas ad honorem en el Hospital R\u00edo Grande defendi\u00f3 la modalidad de dedicaci\u00f3n exclusiva y defendi\u00f3 la gesti\u00f3n de Mar\u00eda Grieco y del equipo de gesti\u00f3n, resaltando los avances para el sector en este per\u00edodo. Continuaron los [&hellip;]<\/p>\n","protected":false},"author":7,"featured_media":0,"comment_status":"open","ping_status":"open","sticky":false,"template":"","format":"standard","meta":{"footnotes":""},"categories":[543],"tags":[163,51,358,39],"class_list":["post-2462","post","type-post","status-publish","format-standard","hentry","category-fm-universidad","tag-garcia","tag-grieco","tag-marinello","tag-martinez"],"_links":{"self":[{"href":"https:\/\/archivosonoro.com.ar\/wordpress\/index.php?rest_route=\/wp\/v2\/posts\/2462","targetHints":{"allow":["GET"]}}],"collection":[{"href":"https:\/\/archivosonoro.com.ar\/wordpress\/index.php?rest_route=\/wp\/v2\/posts"}],"about":[{"href":"https:\/\/archivosonoro.com.ar\/wordpress\/index.php?rest_route=\/wp\/v2\/types\/post"}],"author":[{"embeddable":true,"href":"https:\/\/archivosonoro.com.ar\/wordpress\/index.php?rest_route=\/wp\/v2\/users\/7"}],"replies":[{"embeddable":true,"href":"https:\/\/archivosonoro.com.ar\/wordpress\/index.php?rest_route=%2Fwp%2Fv2%2Fcomments&post=2462"}],"version-history":[{"count":3,"href":"https:\/\/archivosonoro.com.ar\/wordpress\/index.php?rest_route=\/wp\/v2\/posts\/2462\/revisions"}],"predecessor-version":[{"id":2503,"href":"https:\/\/archivosonoro.com.ar\/wordpress\/index.php?rest_route=\/wp\/v2\/posts\/2462\/revisions\/2503"}],"wp:attachment":[{"href":"https:\/\/archivosonoro.com.ar\/wordpress\/index.php?rest_route=%2Fwp%2Fv2%2Fmedia&parent=2462"}],"wp:term":[{"taxonomy":"category","embeddable":true,"href":"https:\/\/archivosonoro.com.ar\/wordpress\/index.php?rest_route=%2Fwp%2Fv2%2Fcategories&post=2462"},{"taxonomy":"post_tag","embeddable":true,"href":"https:\/\/archivosonoro.com.ar\/wordpress\/index.php?rest_route=%2Fwp%2Fv2%2Ftags&post=2462"}],"curies":[{"name":"wp","href":"https:\/\/api.w.org\/{rel}","templated":true}]}}