{"id":2456,"date":"2012-07-28T11:36:35","date_gmt":"2012-07-28T14:36:35","guid":{"rendered":"http:\/\/archivosonoro.com.ar\/?p=2456"},"modified":"2012-07-30T12:43:55","modified_gmt":"2012-07-30T15:43:55","slug":"medicos-y-legisladores-analizan-interpelacion-a-ministra-grieco","status":"publish","type":"post","link":"https:\/\/archivosonoro.com.ar\/wordpress\/?p=2456","title":{"rendered":"M\u00e9dicos y legisladores analizan interpelaci\u00f3n a Ministra Grieco 01."},"content":{"rendered":"<p>\u00c1spero debate en la ma\u00f1ana de FM UNiversidad. El tema central de hoy, es la situaci\u00f3n del \u00e1rea salud y el an\u00e1lisis de la interpelaci\u00f3n a la Ministra Mar\u00eda Grieco. Luego de las presentaciones de los doctores Jorge Carmassi, Pablo Romero y Pablo Torres; el m\u00e9dico jubilado Garc\u00eda, y del sector pol\u00edtico los legisladores Fabio Marinello del PSP y Miriam Mart\u00ednez del FPV, y resaltando los legisladores que habiendo sido invitados no concurrieron, comenz\u00f3 una introducci\u00f3n al tema para luego pasar al debate entre los presentes.<br \/>\n\u00abLa interpelaci\u00f3n, desde el punto de vista de la Asociaci\u00f3n de Profesionales del Hospital Regional R\u00edo Grande, no fue la situaci\u00f3n m\u00e1s feliz para definir la situaci\u00f3n hospitalaria\u00bb, reconoci\u00f3 Carmassi y plante\u00f3 la \u00abgrav\u00edsima\u00bb situaci\u00f3n en que est\u00e1 el Hospital Regional R\u00edo Grande.<br \/>\nMarinello intent\u00f3 llevar la discusi\u00f3n a otro plano cuando pregunt\u00f3 a la legisladora Mart\u00ednez sobre los resultados oficiales del \u00faltimo censo del INDEC y la confianza en los n\u00fameros que arroj\u00f3 el organismo nacional.<br \/>\nRetomado el tema principal, Carmassi manifest\u00f3 su satisfacci\u00f3n por la participaci\u00f3n de los legisladores en la interpelaci\u00f3n \u00absalvo el bloque oficialista\u00bb y calific\u00f3 de lamentable la exposici\u00f3n de la Ministro \u00abfue una colecci\u00f3n permanente de mentiras\u00bb, dijo y adelant\u00f3 que analizar\u00e1n con el diario de sesiones la posibilidad de judicializar las declaraciones de Grieco y hasta llegar a un juicio pol\u00edtico.<br \/>\nPor su parte, el Dr. Romero detall\u00f3 falencias del servicio de pediatr\u00eda y dijo que la Ministra se burl\u00f3 de los legisladores, de los profesionales y de la poblaci\u00f3n y el Dr. Torres, aclarando que no estuvo presente en el recinto, resalt\u00f3 que las respuestas nunca fueron directas.<\/p>\n","protected":false},"excerpt":{"rendered":"<p>\u00c1spero debate en la ma\u00f1ana de FM UNiversidad. El tema central de hoy, es la situaci\u00f3n del \u00e1rea salud y el an\u00e1lisis de la interpelaci\u00f3n a la Ministra Mar\u00eda Grieco. Luego de las presentaciones de los doctores Jorge Carmassi, Pablo Romero y Pablo Torres; el m\u00e9dico jubilado Garc\u00eda, y del sector pol\u00edtico los legisladores Fabio [&hellip;]<\/p>\n","protected":false},"author":7,"featured_media":0,"comment_status":"open","ping_status":"open","sticky":false,"template":"","format":"standard","meta":{"footnotes":""},"categories":[543],"tags":[131,51,358],"class_list":["post-2456","post","type-post","status-publish","format-standard","hentry","category-fm-universidad","tag-carmassi","tag-grieco","tag-marinello"],"_links":{"self":[{"href":"https:\/\/archivosonoro.com.ar\/wordpress\/index.php?rest_route=\/wp\/v2\/posts\/2456","targetHints":{"allow":["GET"]}}],"collection":[{"href":"https:\/\/archivosonoro.com.ar\/wordpress\/index.php?rest_route=\/wp\/v2\/posts"}],"about":[{"href":"https:\/\/archivosonoro.com.ar\/wordpress\/index.php?rest_route=\/wp\/v2\/types\/post"}],"author":[{"embeddable":true,"href":"https:\/\/archivosonoro.com.ar\/wordpress\/index.php?rest_route=\/wp\/v2\/users\/7"}],"replies":[{"embeddable":true,"href":"https:\/\/archivosonoro.com.ar\/wordpress\/index.php?rest_route=%2Fwp%2Fv2%2Fcomments&post=2456"}],"version-history":[{"count":5,"href":"https:\/\/archivosonoro.com.ar\/wordpress\/index.php?rest_route=\/wp\/v2\/posts\/2456\/revisions"}],"predecessor-version":[{"id":2502,"href":"https:\/\/archivosonoro.com.ar\/wordpress\/index.php?rest_route=\/wp\/v2\/posts\/2456\/revisions\/2502"}],"wp:attachment":[{"href":"https:\/\/archivosonoro.com.ar\/wordpress\/index.php?rest_route=%2Fwp%2Fv2%2Fmedia&parent=2456"}],"wp:term":[{"taxonomy":"category","embeddable":true,"href":"https:\/\/archivosonoro.com.ar\/wordpress\/index.php?rest_route=%2Fwp%2Fv2%2Fcategories&post=2456"},{"taxonomy":"post_tag","embeddable":true,"href":"https:\/\/archivosonoro.com.ar\/wordpress\/index.php?rest_route=%2Fwp%2Fv2%2Ftags&post=2456"}],"curies":[{"name":"wp","href":"https:\/\/api.w.org\/{rel}","templated":true}]}}