{"id":2432,"date":"2012-07-26T10:24:31","date_gmt":"2012-07-26T13:24:31","guid":{"rendered":"http:\/\/archivosonoro.com.ar\/?p=2432"},"modified":"2012-07-26T10:36:50","modified_gmt":"2012-07-26T13:36:50","slug":"responsabilidades-compartidas-en-la-demora-de-tdfeyq","status":"publish","type":"post","link":"https:\/\/archivosonoro.com.ar\/wordpress\/?p=2432","title":{"rendered":"Crocianelli R: Responsabilidades compartidas en la demora de TDFEyQ."},"content":{"rendered":"<p>Roberto Crocianelli habl\u00f3 del plan de concientizaci\u00f3n del uso racional del agua potable y puso en relieve el costo de potabilizaci\u00f3n y la falta de tanques en los domicilios particulares.<br \/>\nDurante la entrevista de FM del Sur, el vicegobernador de la provincia respondi\u00f3 sobre la relaci\u00f3n con el Intendente de Ushuaia circunscribi\u00e9ndola a la responsabilidad que a cada tiene por el cargo que detenta. Adem\u00e1s, explic\u00f3 los temas abordados con directivos de Renuka Energy: \u00ablo que le ofrecimos es que busquen en el mercado de m\u00faltiples oferentes, que son los productores, vol\u00famenes que puedan ellos transaccionar o adquirir de las productoras y que la provincia ve con muy buen agrado que ellos inviertan en nuestra jurisdicci\u00f3n\u00bb; admiti\u00f3 que se est\u00e1 trabajando fuertemente para integrar el fondo para el Puerto Caleta La Misi\u00f3n y esta semana recibir\u00e1n un proyecto por parte de los empresarios. En cuanto al proyecto de TDFEyQ dijo \u00abpara mi gusto ha llevado m\u00e1s tiempo que el deseado\u00bb se\u00f1alando que las responsabilidades son compartidas entre Naci\u00f3n, provincia y la empresa.<br \/>\nFinalmente, el funcionario confirm\u00f3 que el Decreto N\u00b0751 que quita los beneficios de la Ley 19640 a las petroleras, a\u00fan no fue reglamentado y remarc\u00f3 la necesidad de contar con esto \u00abporque hay un mont\u00f3n de transacciones que no se sabe como contabilizarlas\u00bb.<\/p>\n","protected":false},"excerpt":{"rendered":"<p>Roberto Crocianelli habl\u00f3 del plan de concientizaci\u00f3n del uso racional del agua potable y puso en relieve el costo de potabilizaci\u00f3n y la falta de tanques en los domicilios particulares. Durante la entrevista de FM del Sur, el vicegobernador de la provincia respondi\u00f3 sobre la relaci\u00f3n con el Intendente de Ushuaia circunscribi\u00e9ndola a la responsabilidad [&hellip;]<\/p>\n","protected":false},"author":7,"featured_media":0,"comment_status":"open","ping_status":"open","sticky":false,"template":"","format":"standard","meta":{"footnotes":""},"categories":[17],"tags":[280,754,151],"class_list":["post-2432","post","type-post","status-publish","format-standard","hentry","category-fm-del-sur","tag-crocianelli","tag-renuka-energy","tag-sciurano"],"_links":{"self":[{"href":"https:\/\/archivosonoro.com.ar\/wordpress\/index.php?rest_route=\/wp\/v2\/posts\/2432","targetHints":{"allow":["GET"]}}],"collection":[{"href":"https:\/\/archivosonoro.com.ar\/wordpress\/index.php?rest_route=\/wp\/v2\/posts"}],"about":[{"href":"https:\/\/archivosonoro.com.ar\/wordpress\/index.php?rest_route=\/wp\/v2\/types\/post"}],"author":[{"embeddable":true,"href":"https:\/\/archivosonoro.com.ar\/wordpress\/index.php?rest_route=\/wp\/v2\/users\/7"}],"replies":[{"embeddable":true,"href":"https:\/\/archivosonoro.com.ar\/wordpress\/index.php?rest_route=%2Fwp%2Fv2%2Fcomments&post=2432"}],"version-history":[{"count":3,"href":"https:\/\/archivosonoro.com.ar\/wordpress\/index.php?rest_route=\/wp\/v2\/posts\/2432\/revisions"}],"predecessor-version":[{"id":2438,"href":"https:\/\/archivosonoro.com.ar\/wordpress\/index.php?rest_route=\/wp\/v2\/posts\/2432\/revisions\/2438"}],"wp:attachment":[{"href":"https:\/\/archivosonoro.com.ar\/wordpress\/index.php?rest_route=%2Fwp%2Fv2%2Fmedia&parent=2432"}],"wp:term":[{"taxonomy":"category","embeddable":true,"href":"https:\/\/archivosonoro.com.ar\/wordpress\/index.php?rest_route=%2Fwp%2Fv2%2Fcategories&post=2432"},{"taxonomy":"post_tag","embeddable":true,"href":"https:\/\/archivosonoro.com.ar\/wordpress\/index.php?rest_route=%2Fwp%2Fv2%2Ftags&post=2432"}],"curies":[{"name":"wp","href":"https:\/\/api.w.org\/{rel}","templated":true}]}}