{"id":2428,"date":"2012-07-26T00:36:36","date_gmt":"2012-07-26T03:36:36","guid":{"rendered":"http:\/\/archivosonoro.com.ar\/?p=2428"},"modified":"2012-07-26T00:40:05","modified_gmt":"2012-07-26T03:40:05","slug":"ravaglia-d-victor-diaz-personaje-que-permanentemente-disfruta-pegandole-a-la-gobernadora","status":"publish","type":"post","link":"https:\/\/archivosonoro.com.ar\/wordpress\/?p=2428","title":{"rendered":"Ravaglia D: Victor D\u00edaz: Personaje que permanentemente disfruta peg\u00e1ndole a la gobernadora\u00bb."},"content":{"rendered":"<p>Luego de la presentaci\u00f3n del plan de concientizaci\u00f3n del uso racional del agua potable, Daniel Ravaglia dialog\u00f3 con FM Radio Uno y resalt\u00f3 el consumo diario por habitante que en Ushuaia supera la media nacional. \u00abCreo que cambiar conductas es dificultoso\u00bb, reconoci\u00f3 el funcionario.<br \/>\nEn otro orden de cosas, el Secretario de Coordinaci\u00f3n Ministerial dijo que no hay que darle mucha importancia a la r\u00e9plica de Victor D\u00edaz (EP) a las palabras de la gobernadora sobre la aprobaci\u00f3n del uso del fondo de la soja, lo trat\u00f3 de \u00abpersonaje que permanentemente disfruta peg\u00e1ndole a la gobernadora\u00bb y afirm\u00f3: \u00abtenemos la aprobaci\u00f3n de Naci\u00f3n y tenemos la desaprobaci\u00f3n del Secretario General de un partido que ha sacado a gobernador el uno y piquito por ciento\u00bb. Tambi\u00e9n dijo que los ministros que ser\u00e1n interpelados ma\u00f1ana cuentan con dinero de la soja para resolver problemas puntuales.<br \/>\nFinalmente, Ravaglia respondi\u00f3 sobre la marcha de los bomberos voluntarios en las ciudades de Ushuaia y R\u00edo Grande; resalt\u00f3 que no se entiende bien cuando los bomberos solicitan que los ejecutivos repongan los equipos destru\u00eddos en el combate del incendio del Parque Industrial cuando \u00abtodos los meses el estado provincial gira el dinero\u00bb y reconoci\u00f3 la demora en el pago del subsidio correspondiente aduciendo cuestiones administrativas de las que \u00abLombardo ni cualquier otro puede escapar\u00bb.<\/p>\n","protected":false},"excerpt":{"rendered":"<p>Luego de la presentaci\u00f3n del plan de concientizaci\u00f3n del uso racional del agua potable, Daniel Ravaglia dialog\u00f3 con FM Radio Uno y resalt\u00f3 el consumo diario por habitante que en Ushuaia supera la media nacional. \u00abCreo que cambiar conductas es dificultoso\u00bb, reconoci\u00f3 el funcionario. En otro orden de cosas, el Secretario de Coordinaci\u00f3n Ministerial dijo [&hellip;]<\/p>\n","protected":false},"author":7,"featured_media":0,"comment_status":"open","ping_status":"open","sticky":false,"template":"","format":"standard","meta":{"footnotes":""},"categories":[41],"tags":[57,745,728,165],"class_list":["post-2428","post","type-post","status-publish","format-standard","hentry","category-radio-uno","tag-diaz","tag-lombardo","tag-parque-industrial","tag-ravaglia"],"_links":{"self":[{"href":"https:\/\/archivosonoro.com.ar\/wordpress\/index.php?rest_route=\/wp\/v2\/posts\/2428","targetHints":{"allow":["GET"]}}],"collection":[{"href":"https:\/\/archivosonoro.com.ar\/wordpress\/index.php?rest_route=\/wp\/v2\/posts"}],"about":[{"href":"https:\/\/archivosonoro.com.ar\/wordpress\/index.php?rest_route=\/wp\/v2\/types\/post"}],"author":[{"embeddable":true,"href":"https:\/\/archivosonoro.com.ar\/wordpress\/index.php?rest_route=\/wp\/v2\/users\/7"}],"replies":[{"embeddable":true,"href":"https:\/\/archivosonoro.com.ar\/wordpress\/index.php?rest_route=%2Fwp%2Fv2%2Fcomments&post=2428"}],"version-history":[{"count":2,"href":"https:\/\/archivosonoro.com.ar\/wordpress\/index.php?rest_route=\/wp\/v2\/posts\/2428\/revisions"}],"predecessor-version":[{"id":2431,"href":"https:\/\/archivosonoro.com.ar\/wordpress\/index.php?rest_route=\/wp\/v2\/posts\/2428\/revisions\/2431"}],"wp:attachment":[{"href":"https:\/\/archivosonoro.com.ar\/wordpress\/index.php?rest_route=%2Fwp%2Fv2%2Fmedia&parent=2428"}],"wp:term":[{"taxonomy":"category","embeddable":true,"href":"https:\/\/archivosonoro.com.ar\/wordpress\/index.php?rest_route=%2Fwp%2Fv2%2Fcategories&post=2428"},{"taxonomy":"post_tag","embeddable":true,"href":"https:\/\/archivosonoro.com.ar\/wordpress\/index.php?rest_route=%2Fwp%2Fv2%2Ftags&post=2428"}],"curies":[{"name":"wp","href":"https:\/\/api.w.org\/{rel}","templated":true}]}}