{"id":2419,"date":"2012-07-25T11:38:12","date_gmt":"2012-07-25T14:38:12","guid":{"rendered":"http:\/\/archivosonoro.com.ar\/?p=2419"},"modified":"2012-07-25T11:38:12","modified_gmt":"2012-07-25T14:38:12","slug":"iglesias-jl-tarifaria-peor-el-remedio-que-la-enfermedad","status":"publish","type":"post","link":"https:\/\/archivosonoro.com.ar\/wordpress\/?p=2419","title":{"rendered":"Iglesias JL: Tarifaria: \u00abpeor el remedio que la enfermedad\u00bb"},"content":{"rendered":"<p>Jos\u00e9 Luis Iglesias opin\u00f3 que en la nueva tarifaria que presenta el gobierno se vuelve a insistir en los errores de la presentada hace dos a\u00f1os: \u00abcreo que fue generalizada en cuanto a una demanda posiblemente de caja de parte del ejecutivo, de necesidad por algunos motivos que realmente uno no entiende porque tiene un presupuesto para pedir refuerzos adicionales a la partida y no se tuvo ning\u00fan sentido en lo que pretend\u00edamos nosotros que fuera una herramienta fiscal en el tiempo para lograr determinados fines\u00bb.<br \/>\nEl representante de la C\u00e1mara de Comercio de R\u00edo Grande dijo en FM Ritual que va a ser peor el remedio que la enfermedad<\/p>\n","protected":false},"excerpt":{"rendered":"<p>Jos\u00e9 Luis Iglesias opin\u00f3 que en la nueva tarifaria que presenta el gobierno se vuelve a insistir en los errores de la presentada hace dos a\u00f1os: \u00abcreo que fue generalizada en cuanto a una demanda posiblemente de caja de parte del ejecutivo, de necesidad por algunos motivos que realmente uno no entiende porque tiene un [&hellip;]<\/p>\n","protected":false},"author":7,"featured_media":0,"comment_status":"open","ping_status":"open","sticky":false,"template":"","format":"standard","meta":{"footnotes":""},"categories":[542],"tags":[751,425],"class_list":["post-2419","post","type-post","status-publish","format-standard","hentry","category-fm-ritual","tag-camara-de-comercio-rio-grande","tag-iglesias"],"_links":{"self":[{"href":"https:\/\/archivosonoro.com.ar\/wordpress\/index.php?rest_route=\/wp\/v2\/posts\/2419","targetHints":{"allow":["GET"]}}],"collection":[{"href":"https:\/\/archivosonoro.com.ar\/wordpress\/index.php?rest_route=\/wp\/v2\/posts"}],"about":[{"href":"https:\/\/archivosonoro.com.ar\/wordpress\/index.php?rest_route=\/wp\/v2\/types\/post"}],"author":[{"embeddable":true,"href":"https:\/\/archivosonoro.com.ar\/wordpress\/index.php?rest_route=\/wp\/v2\/users\/7"}],"replies":[{"embeddable":true,"href":"https:\/\/archivosonoro.com.ar\/wordpress\/index.php?rest_route=%2Fwp%2Fv2%2Fcomments&post=2419"}],"version-history":[{"count":2,"href":"https:\/\/archivosonoro.com.ar\/wordpress\/index.php?rest_route=\/wp\/v2\/posts\/2419\/revisions"}],"predecessor-version":[{"id":2423,"href":"https:\/\/archivosonoro.com.ar\/wordpress\/index.php?rest_route=\/wp\/v2\/posts\/2419\/revisions\/2423"}],"wp:attachment":[{"href":"https:\/\/archivosonoro.com.ar\/wordpress\/index.php?rest_route=%2Fwp%2Fv2%2Fmedia&parent=2419"}],"wp:term":[{"taxonomy":"category","embeddable":true,"href":"https:\/\/archivosonoro.com.ar\/wordpress\/index.php?rest_route=%2Fwp%2Fv2%2Fcategories&post=2419"},{"taxonomy":"post_tag","embeddable":true,"href":"https:\/\/archivosonoro.com.ar\/wordpress\/index.php?rest_route=%2Fwp%2Fv2%2Ftags&post=2419"}],"curies":[{"name":"wp","href":"https:\/\/api.w.org\/{rel}","templated":true}]}}