{"id":2415,"date":"2012-07-25T02:16:12","date_gmt":"2012-07-25T05:16:12","guid":{"rendered":"http:\/\/archivosonoro.com.ar\/?p=2415"},"modified":"2012-07-25T02:16:12","modified_gmt":"2012-07-25T05:16:12","slug":"bocchicchio-s-presentara-en-los-barrios-propuesta-para-transporte-publico","status":"publish","type":"post","link":"https:\/\/archivosonoro.com.ar\/wordpress\/?p=2415","title":{"rendered":"Bocchicchio S: Presentar\u00e1 en los barrios propuesta para transporte p\u00fablico."},"content":{"rendered":"<p>Silvio Bocchicchio adelant\u00f3 que comenzar\u00e1 a debatir en los barrios una propuesta para el transporte p\u00fablico que incluye autos colectivos, nuevos recorridos, l\u00ednea al aeropuerto, gratuidad del boleto estudiantil, horarios previsibles en las paradas y la posibilidad de recibir informaci\u00f3n a trav\u00e9s de un mensaje de texto. El primer encuentro ser\u00e1 en el barrio Kaup\u00e9n el 30 de julio. Entrevistado en Radio Argentina, el concejal del PSP explic\u00f3 el proyecto y adem\u00e1s, habl\u00f3 de la propuesta de la UCR de puntaje hacia los inquilinos para el acceso a la tierra.<\/p>\n","protected":false},"excerpt":{"rendered":"<p>Silvio Bocchicchio adelant\u00f3 que comenzar\u00e1 a debatir en los barrios una propuesta para el transporte p\u00fablico que incluye autos colectivos, nuevos recorridos, l\u00ednea al aeropuerto, gratuidad del boleto estudiantil, horarios previsibles en las paradas y la posibilidad de recibir informaci\u00f3n a trav\u00e9s de un mensaje de texto. El primer encuentro ser\u00e1 en el barrio Kaup\u00e9n [&hellip;]<\/p>\n","protected":false},"author":7,"featured_media":0,"comment_status":"open","ping_status":"open","sticky":false,"template":"","format":"standard","meta":{"footnotes":""},"categories":[76],"tags":[288],"class_list":["post-2415","post","type-post","status-publish","format-standard","hentry","category-otras","tag-bocchicchio"],"_links":{"self":[{"href":"https:\/\/archivosonoro.com.ar\/wordpress\/index.php?rest_route=\/wp\/v2\/posts\/2415","targetHints":{"allow":["GET"]}}],"collection":[{"href":"https:\/\/archivosonoro.com.ar\/wordpress\/index.php?rest_route=\/wp\/v2\/posts"}],"about":[{"href":"https:\/\/archivosonoro.com.ar\/wordpress\/index.php?rest_route=\/wp\/v2\/types\/post"}],"author":[{"embeddable":true,"href":"https:\/\/archivosonoro.com.ar\/wordpress\/index.php?rest_route=\/wp\/v2\/users\/7"}],"replies":[{"embeddable":true,"href":"https:\/\/archivosonoro.com.ar\/wordpress\/index.php?rest_route=%2Fwp%2Fv2%2Fcomments&post=2415"}],"version-history":[{"count":1,"href":"https:\/\/archivosonoro.com.ar\/wordpress\/index.php?rest_route=\/wp\/v2\/posts\/2415\/revisions"}],"predecessor-version":[{"id":2416,"href":"https:\/\/archivosonoro.com.ar\/wordpress\/index.php?rest_route=\/wp\/v2\/posts\/2415\/revisions\/2416"}],"wp:attachment":[{"href":"https:\/\/archivosonoro.com.ar\/wordpress\/index.php?rest_route=%2Fwp%2Fv2%2Fmedia&parent=2415"}],"wp:term":[{"taxonomy":"category","embeddable":true,"href":"https:\/\/archivosonoro.com.ar\/wordpress\/index.php?rest_route=%2Fwp%2Fv2%2Fcategories&post=2415"},{"taxonomy":"post_tag","embeddable":true,"href":"https:\/\/archivosonoro.com.ar\/wordpress\/index.php?rest_route=%2Fwp%2Fv2%2Ftags&post=2415"}],"curies":[{"name":"wp","href":"https:\/\/api.w.org\/{rel}","templated":true}]}}