{"id":2411,"date":"2012-07-24T11:53:31","date_gmt":"2012-07-24T14:53:31","guid":{"rendered":"http:\/\/archivosonoro.com.ar\/?p=2411"},"modified":"2012-07-24T11:53:31","modified_gmt":"2012-07-24T14:53:31","slug":"carmassi-j-nos-quieren-vender-espejitos-de-colores","status":"publish","type":"post","link":"https:\/\/archivosonoro.com.ar\/wordpress\/?p=2411","title":{"rendered":"Carmassi J: \u00abNos quieren vender espejitos de colores\u00bb."},"content":{"rendered":"<p>La Asociaci\u00f3n de Profesionales del Hospital Regional R\u00edo Grande emiti\u00f3 una solicitada en virtud de la pr\u00f3xima interpelaci\u00f3n a la Ministra de Salud, Mar\u00eda Grieco. \u00abLa Ministra y el Ejecutivo tienen un problema m\u00e1s hoy, es que ya no discuten m\u00e1s con la Asociaci\u00f3n sino que discuten con la Legislatura que son los representantes de la voluntad popular\u00bb, dijo Jorge Carmassi en FM Universidad.<br \/>\nComo profesional del nosocomio, opin\u00f3 sobre el abrazo solidario al Hospital del pasado s\u00e1bado y manifest\u00f3 no estar de acuerdo porque \u00abhab\u00eda intereses no muy claros, hab\u00eda que saber leer entre l\u00edneas\u00bb.<br \/>\nAdem\u00e1s, critic\u00f3 los indicadores de salud manifestados durante la visita del Ministro Manzur: \u00abnos vienen a vender espejitos de colores, que me indiquen como los indicadores son ideales cuando no hay control de la mujer embarazada\u00bb y detall\u00f3 falencias de distintos sectores adem\u00e1s de calificar de \u00abperversa\u00bb a la Ministra Grieco.<br \/>\nEn cuanto al desarancelamiento de los hospitales, Carmassi afirm\u00f3: \u00abla salud no puede ser gratuita para los que tienen recursos, que quede total y absolutamente claro. Ac\u00e1 tiene que pagar el que tiene obra social, el que tiene un monstruoso capital y el que no puede, no va a pagar\u00bb.<\/p>\n","protected":false},"excerpt":{"rendered":"<p>La Asociaci\u00f3n de Profesionales del Hospital Regional R\u00edo Grande emiti\u00f3 una solicitada en virtud de la pr\u00f3xima interpelaci\u00f3n a la Ministra de Salud, Mar\u00eda Grieco. \u00abLa Ministra y el Ejecutivo tienen un problema m\u00e1s hoy, es que ya no discuten m\u00e1s con la Asociaci\u00f3n sino que discuten con la Legislatura que son los representantes de [&hellip;]<\/p>\n","protected":false},"author":7,"featured_media":0,"comment_status":"open","ping_status":"open","sticky":false,"template":"","format":"standard","meta":{"footnotes":""},"categories":[543],"tags":[131,51,738,748],"class_list":["post-2411","post","type-post","status-publish","format-standard","hentry","category-fm-universidad","tag-carmassi","tag-grieco","tag-hospital-regional-rio-grande","tag-manzur"],"_links":{"self":[{"href":"https:\/\/archivosonoro.com.ar\/wordpress\/index.php?rest_route=\/wp\/v2\/posts\/2411","targetHints":{"allow":["GET"]}}],"collection":[{"href":"https:\/\/archivosonoro.com.ar\/wordpress\/index.php?rest_route=\/wp\/v2\/posts"}],"about":[{"href":"https:\/\/archivosonoro.com.ar\/wordpress\/index.php?rest_route=\/wp\/v2\/types\/post"}],"author":[{"embeddable":true,"href":"https:\/\/archivosonoro.com.ar\/wordpress\/index.php?rest_route=\/wp\/v2\/users\/7"}],"replies":[{"embeddable":true,"href":"https:\/\/archivosonoro.com.ar\/wordpress\/index.php?rest_route=%2Fwp%2Fv2%2Fcomments&post=2411"}],"version-history":[{"count":1,"href":"https:\/\/archivosonoro.com.ar\/wordpress\/index.php?rest_route=\/wp\/v2\/posts\/2411\/revisions"}],"predecessor-version":[{"id":2412,"href":"https:\/\/archivosonoro.com.ar\/wordpress\/index.php?rest_route=\/wp\/v2\/posts\/2411\/revisions\/2412"}],"wp:attachment":[{"href":"https:\/\/archivosonoro.com.ar\/wordpress\/index.php?rest_route=%2Fwp%2Fv2%2Fmedia&parent=2411"}],"wp:term":[{"taxonomy":"category","embeddable":true,"href":"https:\/\/archivosonoro.com.ar\/wordpress\/index.php?rest_route=%2Fwp%2Fv2%2Fcategories&post=2411"},{"taxonomy":"post_tag","embeddable":true,"href":"https:\/\/archivosonoro.com.ar\/wordpress\/index.php?rest_route=%2Fwp%2Fv2%2Ftags&post=2411"}],"curies":[{"name":"wp","href":"https:\/\/api.w.org\/{rel}","templated":true}]}}