{"id":2409,"date":"2012-07-24T11:36:30","date_gmt":"2012-07-24T14:36:30","guid":{"rendered":"http:\/\/archivosonoro.com.ar\/?p=2409"},"modified":"2012-07-24T11:36:30","modified_gmt":"2012-07-24T14:36:30","slug":"alegre-c-no-fue-una-tragedia-porque-la-suerte-nos-acompano","status":"publish","type":"post","link":"https:\/\/archivosonoro.com.ar\/wordpress\/?p=2409","title":{"rendered":"Alegre C: \u00abNo fue una tragedia porque la suerte nos acompa\u00f1\u00f3\u00bb."},"content":{"rendered":"<p>El Jefe de la Unidad Regional Norte de la polic\u00eda explic\u00f3 la actuaci\u00f3n de los uniformados durante el incendio en el Parque Industrial de R\u00edo Grande. Se\u00f1al\u00f3 que se sumaron a los bomberos voluntarios y utilizaron el cami\u00f3n hidrante para atacar un sector afectado. Ceferino Alegre respondi\u00f3 que no hay coordinaci\u00f3n entre las fuerzas para actuar en estos casos y explic\u00f3 que bomberos tomaba el punto de partida porque son los que cuentan con los equipamientos. Adem\u00e1s, recalc\u00f3 que la polic\u00eda no tiene capacidad operativa y que la indumentaria qued\u00f3 destruida por el material que se impregn\u00f3 en los uniformes, adelantando que en los pr\u00f3ximos d\u00edas, llegar\u00e1 nuevo equipamiento.<br \/>\nEntrevistado en \u00abEl Correo de los s\u00e1bados\u00bb coincidi\u00f3 con los bomberos en que no fue una tragedia \u00abporque la suerte nos acompa\u00f1\u00f3\u00bb; critic\u00f3 el estado de la calzada en la zona lo que lo tornaba intransitable al sumarle el hielo lavado, y la gran cantidad de camiones que quedan estacionados y dificultan la circulaci\u00f3n.<\/p>\n","protected":false},"excerpt":{"rendered":"<p>El Jefe de la Unidad Regional Norte de la polic\u00eda explic\u00f3 la actuaci\u00f3n de los uniformados durante el incendio en el Parque Industrial de R\u00edo Grande. Se\u00f1al\u00f3 que se sumaron a los bomberos voluntarios y utilizaron el cami\u00f3n hidrante para atacar un sector afectado. Ceferino Alegre respondi\u00f3 que no hay coordinaci\u00f3n entre las fuerzas para [&hellip;]<\/p>\n","protected":false},"author":7,"featured_media":0,"comment_status":"open","ping_status":"open","sticky":false,"template":"","format":"standard","meta":{"footnotes":""},"categories":[14],"tags":[747,155,728],"class_list":["post-2409","post","type-post","status-publish","format-standard","hentry","category-fm-del-sol","tag-alegre","tag-incendio","tag-parque-industrial"],"_links":{"self":[{"href":"https:\/\/archivosonoro.com.ar\/wordpress\/index.php?rest_route=\/wp\/v2\/posts\/2409","targetHints":{"allow":["GET"]}}],"collection":[{"href":"https:\/\/archivosonoro.com.ar\/wordpress\/index.php?rest_route=\/wp\/v2\/posts"}],"about":[{"href":"https:\/\/archivosonoro.com.ar\/wordpress\/index.php?rest_route=\/wp\/v2\/types\/post"}],"author":[{"embeddable":true,"href":"https:\/\/archivosonoro.com.ar\/wordpress\/index.php?rest_route=\/wp\/v2\/users\/7"}],"replies":[{"embeddable":true,"href":"https:\/\/archivosonoro.com.ar\/wordpress\/index.php?rest_route=%2Fwp%2Fv2%2Fcomments&post=2409"}],"version-history":[{"count":1,"href":"https:\/\/archivosonoro.com.ar\/wordpress\/index.php?rest_route=\/wp\/v2\/posts\/2409\/revisions"}],"predecessor-version":[{"id":2410,"href":"https:\/\/archivosonoro.com.ar\/wordpress\/index.php?rest_route=\/wp\/v2\/posts\/2409\/revisions\/2410"}],"wp:attachment":[{"href":"https:\/\/archivosonoro.com.ar\/wordpress\/index.php?rest_route=%2Fwp%2Fv2%2Fmedia&parent=2409"}],"wp:term":[{"taxonomy":"category","embeddable":true,"href":"https:\/\/archivosonoro.com.ar\/wordpress\/index.php?rest_route=%2Fwp%2Fv2%2Fcategories&post=2409"},{"taxonomy":"post_tag","embeddable":true,"href":"https:\/\/archivosonoro.com.ar\/wordpress\/index.php?rest_route=%2Fwp%2Fv2%2Ftags&post=2409"}],"curies":[{"name":"wp","href":"https:\/\/api.w.org\/{rel}","templated":true}]}}