{"id":2404,"date":"2012-07-24T01:01:46","date_gmt":"2012-07-24T04:01:46","guid":{"rendered":"http:\/\/archivosonoro.com.ar\/?p=2404"},"modified":"2012-07-24T01:01:46","modified_gmt":"2012-07-24T04:01:46","slug":"tierra-del-fuego-cuenta-con-la-menor-tasa-de-mortalidad-infantil-del-pais","status":"publish","type":"post","link":"https:\/\/archivosonoro.com.ar\/wordpress\/?p=2404","title":{"rendered":"Tierra del Fuego cuenta con la menor tasa de mortalidad infantil del pa\u00eds."},"content":{"rendered":"<p>La Ministra de Salud respondi\u00f3 sobre la escasa convocatoria del abrazo solidario al Hospital Regional R\u00edo Grande y profundiz\u00f3 en los indicadores de salud que ponen en un buen lugar a la provincia independientemente del grado de satisfacci\u00f3n de los ciudadanos.<br \/>\nEntrevistada en Radio Argentina, Mar\u00eda Grieco confirm\u00f3 su presencia en la interpelaci\u00f3n que esta semana le har\u00e1 la Legislatura resaltando la predisposici\u00f3n a dar las explicaciones que le soliciten e hizo referencia a la presencia del Ministro de Salud de la Naci\u00f3n recalcando que la Tierra del Fuego tiene la menor tasa de  mortalidad infantil del pa\u00eds.<\/p>\n","protected":false},"excerpt":{"rendered":"<p>La Ministra de Salud respondi\u00f3 sobre la escasa convocatoria del abrazo solidario al Hospital Regional R\u00edo Grande y profundiz\u00f3 en los indicadores de salud que ponen en un buen lugar a la provincia independientemente del grado de satisfacci\u00f3n de los ciudadanos. Entrevistada en Radio Argentina, Mar\u00eda Grieco confirm\u00f3 su presencia en la interpelaci\u00f3n que esta [&hellip;]<\/p>\n","protected":false},"author":7,"featured_media":0,"comment_status":"open","ping_status":"open","sticky":false,"template":"","format":"standard","meta":{"footnotes":""},"categories":[76],"tags":[51],"class_list":["post-2404","post","type-post","status-publish","format-standard","hentry","category-otras","tag-grieco"],"_links":{"self":[{"href":"https:\/\/archivosonoro.com.ar\/wordpress\/index.php?rest_route=\/wp\/v2\/posts\/2404","targetHints":{"allow":["GET"]}}],"collection":[{"href":"https:\/\/archivosonoro.com.ar\/wordpress\/index.php?rest_route=\/wp\/v2\/posts"}],"about":[{"href":"https:\/\/archivosonoro.com.ar\/wordpress\/index.php?rest_route=\/wp\/v2\/types\/post"}],"author":[{"embeddable":true,"href":"https:\/\/archivosonoro.com.ar\/wordpress\/index.php?rest_route=\/wp\/v2\/users\/7"}],"replies":[{"embeddable":true,"href":"https:\/\/archivosonoro.com.ar\/wordpress\/index.php?rest_route=%2Fwp%2Fv2%2Fcomments&post=2404"}],"version-history":[{"count":1,"href":"https:\/\/archivosonoro.com.ar\/wordpress\/index.php?rest_route=\/wp\/v2\/posts\/2404\/revisions"}],"predecessor-version":[{"id":2405,"href":"https:\/\/archivosonoro.com.ar\/wordpress\/index.php?rest_route=\/wp\/v2\/posts\/2404\/revisions\/2405"}],"wp:attachment":[{"href":"https:\/\/archivosonoro.com.ar\/wordpress\/index.php?rest_route=%2Fwp%2Fv2%2Fmedia&parent=2404"}],"wp:term":[{"taxonomy":"category","embeddable":true,"href":"https:\/\/archivosonoro.com.ar\/wordpress\/index.php?rest_route=%2Fwp%2Fv2%2Fcategories&post=2404"},{"taxonomy":"post_tag","embeddable":true,"href":"https:\/\/archivosonoro.com.ar\/wordpress\/index.php?rest_route=%2Fwp%2Fv2%2Ftags&post=2404"}],"curies":[{"name":"wp","href":"https:\/\/api.w.org\/{rel}","templated":true}]}}