{"id":2396,"date":"2012-07-23T11:59:01","date_gmt":"2012-07-23T14:59:01","guid":{"rendered":"http:\/\/archivosonoro.com.ar\/?p=2396"},"modified":"2012-07-23T11:59:01","modified_gmt":"2012-07-23T14:59:01","slug":"bomberos-reclaman-acompanamiento-del-gobierno-provincial","status":"publish","type":"post","link":"https:\/\/archivosonoro.com.ar\/wordpress\/?p=2396","title":{"rendered":"Bomberos reclaman acompa\u00f1amiento del gobierno provincial."},"content":{"rendered":"<p>El Presidente de la Asociaci\u00f3n de Bomberos Voluntarios de R\u00edo Grande manifest\u00f3 el orgullo del cuerpo por el reconocimiento recibido de parte del Intendente Gustavo Melella por la actuaci\u00f3n en el incendio del Parque Industrial. En cuanto a la actitud del gobierno, Pascual Lombardo la calific\u00f3 de \u00ablamentable\u00bb y desminti\u00f3 no tener en condiciones los papeles de la instituci\u00f3n para recibir el subsidio que les corresponde. Finalmente, reclam\u00f3 trabajo en conjunto: \u00abahora esperamos el acompa\u00f1amiento de gobierno no solo econ\u00f3micamente, sino tambi\u00e9n en la parte log\u00edstica de informaci\u00f3n y todo lo que se requiera como entidad de bomberos\u00bb, dijo en FM Ritual.<\/p>\n","protected":false},"excerpt":{"rendered":"<p>El Presidente de la Asociaci\u00f3n de Bomberos Voluntarios de R\u00edo Grande manifest\u00f3 el orgullo del cuerpo por el reconocimiento recibido de parte del Intendente Gustavo Melella por la actuaci\u00f3n en el incendio del Parque Industrial. En cuanto a la actitud del gobierno, Pascual Lombardo la calific\u00f3 de \u00ablamentable\u00bb y desminti\u00f3 no tener en condiciones los [&hellip;]<\/p>\n","protected":false},"author":7,"featured_media":0,"comment_status":"open","ping_status":"open","sticky":false,"template":"","format":"standard","meta":{"footnotes":""},"categories":[542],"tags":[745,74,728],"class_list":["post-2396","post","type-post","status-publish","format-standard","hentry","category-fm-ritual","tag-lombardo","tag-melella","tag-parque-industrial"],"_links":{"self":[{"href":"https:\/\/archivosonoro.com.ar\/wordpress\/index.php?rest_route=\/wp\/v2\/posts\/2396","targetHints":{"allow":["GET"]}}],"collection":[{"href":"https:\/\/archivosonoro.com.ar\/wordpress\/index.php?rest_route=\/wp\/v2\/posts"}],"about":[{"href":"https:\/\/archivosonoro.com.ar\/wordpress\/index.php?rest_route=\/wp\/v2\/types\/post"}],"author":[{"embeddable":true,"href":"https:\/\/archivosonoro.com.ar\/wordpress\/index.php?rest_route=\/wp\/v2\/users\/7"}],"replies":[{"embeddable":true,"href":"https:\/\/archivosonoro.com.ar\/wordpress\/index.php?rest_route=%2Fwp%2Fv2%2Fcomments&post=2396"}],"version-history":[{"count":1,"href":"https:\/\/archivosonoro.com.ar\/wordpress\/index.php?rest_route=\/wp\/v2\/posts\/2396\/revisions"}],"predecessor-version":[{"id":2397,"href":"https:\/\/archivosonoro.com.ar\/wordpress\/index.php?rest_route=\/wp\/v2\/posts\/2396\/revisions\/2397"}],"wp:attachment":[{"href":"https:\/\/archivosonoro.com.ar\/wordpress\/index.php?rest_route=%2Fwp%2Fv2%2Fmedia&parent=2396"}],"wp:term":[{"taxonomy":"category","embeddable":true,"href":"https:\/\/archivosonoro.com.ar\/wordpress\/index.php?rest_route=%2Fwp%2Fv2%2Fcategories&post=2396"},{"taxonomy":"post_tag","embeddable":true,"href":"https:\/\/archivosonoro.com.ar\/wordpress\/index.php?rest_route=%2Fwp%2Fv2%2Ftags&post=2396"}],"curies":[{"name":"wp","href":"https:\/\/api.w.org\/{rel}","templated":true}]}}