{"id":2390,"date":"2012-07-23T11:03:10","date_gmt":"2012-07-23T14:03:10","guid":{"rendered":"http:\/\/archivosonoro.com.ar\/?p=2390"},"modified":"2012-07-23T11:03:10","modified_gmt":"2012-07-23T14:03:10","slug":"trucco-p-me-imagino-que-el-gobierno-habra-tenido-reuniones-por-temas-ajenos-al-puerto","status":"publish","type":"post","link":"https:\/\/archivosonoro.com.ar\/wordpress\/?p=2390","title":{"rendered":"Trucco P: \u00abMe imagino que el gobierno habr\u00e1 tenido reuniones por temas ajenos al puerto\u00bb."},"content":{"rendered":"<p>El representante de Piedrabuena SA, empresa que pretende construir el Puerto Caleta La Misi\u00f3n, asegur\u00f3 que no se da por vencido en la b\u00fasqueda de inversores. Desminti\u00f3 malestar con el gobierno de la provincia que estar\u00eda negociando otro proyecto con una empresa de capitales indios que \u00e9l hab\u00eda contactado para llevar adelante la obra. En FM del Sur, reconoci\u00f3 que pudo haber sido un error mencionar el posible inversor y adelant\u00f3 que no volver\u00e1 a decir p\u00fablicamente si consigue otra empresa hasta tener firmado el contrato.<\/p>\n","protected":false},"excerpt":{"rendered":"<p>El representante de Piedrabuena SA, empresa que pretende construir el Puerto Caleta La Misi\u00f3n, asegur\u00f3 que no se da por vencido en la b\u00fasqueda de inversores. Desminti\u00f3 malestar con el gobierno de la provincia que estar\u00eda negociando otro proyecto con una empresa de capitales indios que \u00e9l hab\u00eda contactado para llevar adelante la obra. En [&hellip;]<\/p>\n","protected":false},"author":7,"featured_media":0,"comment_status":"open","ping_status":"open","sticky":false,"template":"","format":"standard","meta":{"footnotes":""},"categories":[17],"tags":[46,713],"class_list":["post-2390","post","type-post","status-publish","format-standard","hentry","category-fm-del-sur","tag-puerto-caleta-la-mision","tag-trucco"],"_links":{"self":[{"href":"https:\/\/archivosonoro.com.ar\/wordpress\/index.php?rest_route=\/wp\/v2\/posts\/2390","targetHints":{"allow":["GET"]}}],"collection":[{"href":"https:\/\/archivosonoro.com.ar\/wordpress\/index.php?rest_route=\/wp\/v2\/posts"}],"about":[{"href":"https:\/\/archivosonoro.com.ar\/wordpress\/index.php?rest_route=\/wp\/v2\/types\/post"}],"author":[{"embeddable":true,"href":"https:\/\/archivosonoro.com.ar\/wordpress\/index.php?rest_route=\/wp\/v2\/users\/7"}],"replies":[{"embeddable":true,"href":"https:\/\/archivosonoro.com.ar\/wordpress\/index.php?rest_route=%2Fwp%2Fv2%2Fcomments&post=2390"}],"version-history":[{"count":1,"href":"https:\/\/archivosonoro.com.ar\/wordpress\/index.php?rest_route=\/wp\/v2\/posts\/2390\/revisions"}],"predecessor-version":[{"id":2391,"href":"https:\/\/archivosonoro.com.ar\/wordpress\/index.php?rest_route=\/wp\/v2\/posts\/2390\/revisions\/2391"}],"wp:attachment":[{"href":"https:\/\/archivosonoro.com.ar\/wordpress\/index.php?rest_route=%2Fwp%2Fv2%2Fmedia&parent=2390"}],"wp:term":[{"taxonomy":"category","embeddable":true,"href":"https:\/\/archivosonoro.com.ar\/wordpress\/index.php?rest_route=%2Fwp%2Fv2%2Fcategories&post=2390"},{"taxonomy":"post_tag","embeddable":true,"href":"https:\/\/archivosonoro.com.ar\/wordpress\/index.php?rest_route=%2Fwp%2Fv2%2Ftags&post=2390"}],"curies":[{"name":"wp","href":"https:\/\/api.w.org\/{rel}","templated":true}]}}