{"id":2388,"date":"2012-07-23T01:00:05","date_gmt":"2012-07-23T04:00:05","guid":{"rendered":"http:\/\/archivosonoro.com.ar\/?p=2388"},"modified":"2012-07-23T01:00:05","modified_gmt":"2012-07-23T04:00:05","slug":"blanco-p-la-radicacion-de-empresas-en-tierra-del-fuego-se-decide-en-la-secretaria-de-industria-de-la-nacion","status":"publish","type":"post","link":"https:\/\/archivosonoro.com.ar\/wordpress\/?p=2388","title":{"rendered":"Blanco P: La radicaci\u00f3n de empresas en Tierra del Fuego se decide en la Secretar\u00eda de Industria de la Naci\u00f3n."},"content":{"rendered":"<p>Los Legisladores Susana Siracusa y Pablo Blanco estuvieron en la ma\u00f1ana de FM Universidad hablando de diversos temas entre los que se destac\u00f3 el cuidado del medio ambiente y la responsabilidad social empresaria, relacionado con el funcionamiento diario y el incendio que se desat\u00f3 hace una semana en el Parque Industrial de R\u00edo Grande. En tal sentido, Blanco resalt\u00f3 que en el tema de la radicaci\u00f3n de empresas en Tierra del Fuego los beneficios que obtenemos como provincia es el empleo de la gente, el resto ni se discute ac\u00e1, ni se habla ac\u00e1 ni se decide ac\u00e1. Se decide a nivel nacional, con una ley nacional, con la Secretar\u00eda de Industria de la Naci\u00f3n y ac\u00e1 lo que viene es una f\u00e1brica instalada y los empresarios son de afuera\u00bb.<br \/>\nPor su parte, la legisladora Siracusa adem\u00e1s de opinar sobre la situaci\u00f3n de la zona industrial de R\u00edo Grande habl\u00f3 de la interpelaci\u00f3n a los Ministros Benegas y Grieco.<\/p>\n","protected":false},"excerpt":{"rendered":"<p>Los Legisladores Susana Siracusa y Pablo Blanco estuvieron en la ma\u00f1ana de FM Universidad hablando de diversos temas entre los que se destac\u00f3 el cuidado del medio ambiente y la responsabilidad social empresaria, relacionado con el funcionamiento diario y el incendio que se desat\u00f3 hace una semana en el Parque Industrial de R\u00edo Grande. En [&hellip;]<\/p>\n","protected":false},"author":7,"featured_media":0,"comment_status":"open","ping_status":"open","sticky":false,"template":"","format":"standard","meta":{"footnotes":""},"categories":[543],"tags":[68,744],"class_list":["post-2388","post","type-post","status-publish","format-standard","hentry","category-fm-universidad","tag-blanco","tag-siracusa"],"_links":{"self":[{"href":"https:\/\/archivosonoro.com.ar\/wordpress\/index.php?rest_route=\/wp\/v2\/posts\/2388","targetHints":{"allow":["GET"]}}],"collection":[{"href":"https:\/\/archivosonoro.com.ar\/wordpress\/index.php?rest_route=\/wp\/v2\/posts"}],"about":[{"href":"https:\/\/archivosonoro.com.ar\/wordpress\/index.php?rest_route=\/wp\/v2\/types\/post"}],"author":[{"embeddable":true,"href":"https:\/\/archivosonoro.com.ar\/wordpress\/index.php?rest_route=\/wp\/v2\/users\/7"}],"replies":[{"embeddable":true,"href":"https:\/\/archivosonoro.com.ar\/wordpress\/index.php?rest_route=%2Fwp%2Fv2%2Fcomments&post=2388"}],"version-history":[{"count":1,"href":"https:\/\/archivosonoro.com.ar\/wordpress\/index.php?rest_route=\/wp\/v2\/posts\/2388\/revisions"}],"predecessor-version":[{"id":2389,"href":"https:\/\/archivosonoro.com.ar\/wordpress\/index.php?rest_route=\/wp\/v2\/posts\/2388\/revisions\/2389"}],"wp:attachment":[{"href":"https:\/\/archivosonoro.com.ar\/wordpress\/index.php?rest_route=%2Fwp%2Fv2%2Fmedia&parent=2388"}],"wp:term":[{"taxonomy":"category","embeddable":true,"href":"https:\/\/archivosonoro.com.ar\/wordpress\/index.php?rest_route=%2Fwp%2Fv2%2Fcategories&post=2388"},{"taxonomy":"post_tag","embeddable":true,"href":"https:\/\/archivosonoro.com.ar\/wordpress\/index.php?rest_route=%2Fwp%2Fv2%2Ftags&post=2388"}],"curies":[{"name":"wp","href":"https:\/\/api.w.org\/{rel}","templated":true}]}}