{"id":2382,"date":"2012-07-22T15:59:31","date_gmt":"2012-07-22T18:59:31","guid":{"rendered":"http:\/\/archivosonoro.com.ar\/?p=2382"},"modified":"2012-07-22T15:59:31","modified_gmt":"2012-07-22T18:59:31","slug":"asoem-rechaza-propuesta-de-un-5-de-aumento-en-rio-grande","status":"publish","type":"post","link":"https:\/\/archivosonoro.com.ar\/wordpress\/?p=2382","title":{"rendered":"ASOEM rechaza propuesta de un 5% de aumento en R\u00edo Grande."},"content":{"rendered":"<p>La ASOEM manifest\u00f3 su sorpresa por la oferta de la municipalidad de R\u00edo Grande a trav\u00e9s de su Secretario de Finanzas de una recomposici\u00f3n salarial del 5% a partir de agosto. \u00abNos cay\u00f3 como un balde de agua fr\u00eda a todos\u00bb dijo Eduardo Cabral quien se\u00f1al\u00f3 que en la reuni\u00f3n estaban analizando los n\u00fameros del municipio y de los mayores ingresos. Record\u00f3 adem\u00e1s, la baja de cargos administrativos en la transferencia de la coparticipaci\u00f3n, lo que representa unos 10 millones de pesos que no est\u00e1n presupuestados.<br \/>\nEn \u00abEl Correo de los s\u00e1bados\u00bb, Cabral afirm\u00f3 que solicitan al ejecutivo municipal una suma fija de $2000.<\/p>\n","protected":false},"excerpt":{"rendered":"<p>La ASOEM manifest\u00f3 su sorpresa por la oferta de la municipalidad de R\u00edo Grande a trav\u00e9s de su Secretario de Finanzas de una recomposici\u00f3n salarial del 5% a partir de agosto. \u00abNos cay\u00f3 como un balde de agua fr\u00eda a todos\u00bb dijo Eduardo Cabral quien se\u00f1al\u00f3 que en la reuni\u00f3n estaban analizando los n\u00fameros del [&hellip;]<\/p>\n","protected":false},"author":7,"featured_media":0,"comment_status":"open","ping_status":"open","sticky":false,"template":"","format":"standard","meta":{"footnotes":""},"categories":[14],"tags":[383,382],"class_list":["post-2382","post","type-post","status-publish","format-standard","hentry","category-fm-del-sol","tag-asoem","tag-cabral"],"_links":{"self":[{"href":"https:\/\/archivosonoro.com.ar\/wordpress\/index.php?rest_route=\/wp\/v2\/posts\/2382","targetHints":{"allow":["GET"]}}],"collection":[{"href":"https:\/\/archivosonoro.com.ar\/wordpress\/index.php?rest_route=\/wp\/v2\/posts"}],"about":[{"href":"https:\/\/archivosonoro.com.ar\/wordpress\/index.php?rest_route=\/wp\/v2\/types\/post"}],"author":[{"embeddable":true,"href":"https:\/\/archivosonoro.com.ar\/wordpress\/index.php?rest_route=\/wp\/v2\/users\/7"}],"replies":[{"embeddable":true,"href":"https:\/\/archivosonoro.com.ar\/wordpress\/index.php?rest_route=%2Fwp%2Fv2%2Fcomments&post=2382"}],"version-history":[{"count":1,"href":"https:\/\/archivosonoro.com.ar\/wordpress\/index.php?rest_route=\/wp\/v2\/posts\/2382\/revisions"}],"predecessor-version":[{"id":2383,"href":"https:\/\/archivosonoro.com.ar\/wordpress\/index.php?rest_route=\/wp\/v2\/posts\/2382\/revisions\/2383"}],"wp:attachment":[{"href":"https:\/\/archivosonoro.com.ar\/wordpress\/index.php?rest_route=%2Fwp%2Fv2%2Fmedia&parent=2382"}],"wp:term":[{"taxonomy":"category","embeddable":true,"href":"https:\/\/archivosonoro.com.ar\/wordpress\/index.php?rest_route=%2Fwp%2Fv2%2Fcategories&post=2382"},{"taxonomy":"post_tag","embeddable":true,"href":"https:\/\/archivosonoro.com.ar\/wordpress\/index.php?rest_route=%2Fwp%2Fv2%2Ftags&post=2382"}],"curies":[{"name":"wp","href":"https:\/\/api.w.org\/{rel}","templated":true}]}}