{"id":2376,"date":"2012-07-20T11:55:09","date_gmt":"2012-07-20T14:55:09","guid":{"rendered":"http:\/\/archivosonoro.com.ar\/?p=2376"},"modified":"2012-07-20T11:55:34","modified_gmt":"2012-07-20T14:55:34","slug":"trabajadores-de-camuzzi-levantaron-el-paro","status":"publish","type":"post","link":"https:\/\/archivosonoro.com.ar\/wordpress\/?p=2376","title":{"rendered":"Trabajadores de Camuzzi levantaron el paro."},"content":{"rendered":"<p>Tras arribar a un acuerdo entre la empresa y los trabajadores, se levant\u00f3 el paro de Camuzzi. Pablo Alvarez explic\u00f3 en FM del Sur lo convenido resaltando la disposici\u00f3n empresarial de no descontar los d\u00edas ca\u00eddos. Adem\u00e1s, inform\u00f3 que los vecinos que tengan las facturas vencidas o las que vencen hoy tienen 10 d\u00edas m\u00e1s para abonarlas y no se cobrar\u00e1 inter\u00e9s ni recargo alguno, brindando el n\u00famero 0810 999 0810 para efectuar cualquier consulta.<\/p>\n","protected":false},"excerpt":{"rendered":"<p>Tras arribar a un acuerdo entre la empresa y los trabajadores, se levant\u00f3 el paro de Camuzzi. Pablo Alvarez explic\u00f3 en FM del Sur lo convenido resaltando la disposici\u00f3n empresarial de no descontar los d\u00edas ca\u00eddos. Adem\u00e1s, inform\u00f3 que los vecinos que tengan las facturas vencidas o las que vencen hoy tienen 10 d\u00edas m\u00e1s [&hellip;]<\/p>\n","protected":false},"author":7,"featured_media":0,"comment_status":"open","ping_status":"open","sticky":false,"template":"","format":"standard","meta":{"footnotes":""},"categories":[17],"tags":[326,176],"class_list":["post-2376","post","type-post","status-publish","format-standard","hentry","category-fm-del-sur","tag-alvarez","tag-camuzzi"],"_links":{"self":[{"href":"https:\/\/archivosonoro.com.ar\/wordpress\/index.php?rest_route=\/wp\/v2\/posts\/2376","targetHints":{"allow":["GET"]}}],"collection":[{"href":"https:\/\/archivosonoro.com.ar\/wordpress\/index.php?rest_route=\/wp\/v2\/posts"}],"about":[{"href":"https:\/\/archivosonoro.com.ar\/wordpress\/index.php?rest_route=\/wp\/v2\/types\/post"}],"author":[{"embeddable":true,"href":"https:\/\/archivosonoro.com.ar\/wordpress\/index.php?rest_route=\/wp\/v2\/users\/7"}],"replies":[{"embeddable":true,"href":"https:\/\/archivosonoro.com.ar\/wordpress\/index.php?rest_route=%2Fwp%2Fv2%2Fcomments&post=2376"}],"version-history":[{"count":2,"href":"https:\/\/archivosonoro.com.ar\/wordpress\/index.php?rest_route=\/wp\/v2\/posts\/2376\/revisions"}],"predecessor-version":[{"id":2379,"href":"https:\/\/archivosonoro.com.ar\/wordpress\/index.php?rest_route=\/wp\/v2\/posts\/2376\/revisions\/2379"}],"wp:attachment":[{"href":"https:\/\/archivosonoro.com.ar\/wordpress\/index.php?rest_route=%2Fwp%2Fv2%2Fmedia&parent=2376"}],"wp:term":[{"taxonomy":"category","embeddable":true,"href":"https:\/\/archivosonoro.com.ar\/wordpress\/index.php?rest_route=%2Fwp%2Fv2%2Fcategories&post=2376"},{"taxonomy":"post_tag","embeddable":true,"href":"https:\/\/archivosonoro.com.ar\/wordpress\/index.php?rest_route=%2Fwp%2Fv2%2Ftags&post=2376"}],"curies":[{"name":"wp","href":"https:\/\/api.w.org\/{rel}","templated":true}]}}