{"id":2374,"date":"2012-07-20T01:46:33","date_gmt":"2012-07-20T04:46:33","guid":{"rendered":"http:\/\/archivosonoro.com.ar\/?p=2374"},"modified":"2012-07-20T01:46:33","modified_gmt":"2012-07-20T04:46:33","slug":"caminos-v-encuentro-de-redes-sociales-contra-la-trata-de-personas","status":"publish","type":"post","link":"https:\/\/archivosonoro.com.ar\/wordpress\/?p=2374","title":{"rendered":"Caminos V: Encuentro de redes sociales contra la trata de personas."},"content":{"rendered":"<p>Viviana Caminos, integrante de la Red Nacional Alto al Tr\u00e1fico, la Trata y a la Explotaci\u00f3n Sexual, Comercial de Ni\u00f1os, Ni\u00f1as y Adolescentes (RATT) evalu\u00f3 en Estaci\u00f3n Patagonia el encuentro mantenido en Salta por integrantes de redes sociales vinculadas a la lucha contra la trata de personas. \u00abFue un encuentro muy importante donde hemos escuchado la palabra de muchos compa\u00f1eros que trabajan en el pa\u00eds este tema\u00bb, dijo y resalt\u00f3 la falta de tratamiento al proyecto de modificaci\u00f3n de la Ley 26364 que cuenta solamente con media sanci\u00f3n de la C\u00e1mara de Senadores.<br \/>\nCaminos puso en relieve la necesidad de asistencia a las v\u00edctimas por parte de los gobiernos provinciales y municipales y detall\u00f3 las tareas que desde la RATT llevan adelante.<\/p>\n","protected":false},"excerpt":{"rendered":"<p>Viviana Caminos, integrante de la Red Nacional Alto al Tr\u00e1fico, la Trata y a la Explotaci\u00f3n Sexual, Comercial de Ni\u00f1os, Ni\u00f1as y Adolescentes (RATT) evalu\u00f3 en Estaci\u00f3n Patagonia el encuentro mantenido en Salta por integrantes de redes sociales vinculadas a la lucha contra la trata de personas. \u00abFue un encuentro muy importante donde hemos escuchado [&hellip;]<\/p>\n","protected":false},"author":7,"featured_media":0,"comment_status":"open","ping_status":"open","sticky":false,"template":"","format":"standard","meta":{"footnotes":""},"categories":[634],"tags":[740,741],"class_list":["post-2374","post","type-post","status-publish","format-standard","hentry","category-estacion-patagonia","tag-caminos","tag-ratt"],"_links":{"self":[{"href":"https:\/\/archivosonoro.com.ar\/wordpress\/index.php?rest_route=\/wp\/v2\/posts\/2374","targetHints":{"allow":["GET"]}}],"collection":[{"href":"https:\/\/archivosonoro.com.ar\/wordpress\/index.php?rest_route=\/wp\/v2\/posts"}],"about":[{"href":"https:\/\/archivosonoro.com.ar\/wordpress\/index.php?rest_route=\/wp\/v2\/types\/post"}],"author":[{"embeddable":true,"href":"https:\/\/archivosonoro.com.ar\/wordpress\/index.php?rest_route=\/wp\/v2\/users\/7"}],"replies":[{"embeddable":true,"href":"https:\/\/archivosonoro.com.ar\/wordpress\/index.php?rest_route=%2Fwp%2Fv2%2Fcomments&post=2374"}],"version-history":[{"count":1,"href":"https:\/\/archivosonoro.com.ar\/wordpress\/index.php?rest_route=\/wp\/v2\/posts\/2374\/revisions"}],"predecessor-version":[{"id":2375,"href":"https:\/\/archivosonoro.com.ar\/wordpress\/index.php?rest_route=\/wp\/v2\/posts\/2374\/revisions\/2375"}],"wp:attachment":[{"href":"https:\/\/archivosonoro.com.ar\/wordpress\/index.php?rest_route=%2Fwp%2Fv2%2Fmedia&parent=2374"}],"wp:term":[{"taxonomy":"category","embeddable":true,"href":"https:\/\/archivosonoro.com.ar\/wordpress\/index.php?rest_route=%2Fwp%2Fv2%2Fcategories&post=2374"},{"taxonomy":"post_tag","embeddable":true,"href":"https:\/\/archivosonoro.com.ar\/wordpress\/index.php?rest_route=%2Fwp%2Fv2%2Ftags&post=2374"}],"curies":[{"name":"wp","href":"https:\/\/api.w.org\/{rel}","templated":true}]}}