{"id":2369,"date":"2012-07-19T11:59:20","date_gmt":"2012-07-19T14:59:20","guid":{"rendered":"http:\/\/archivosonoro.com.ar\/?p=2369"},"modified":"2012-07-19T11:59:20","modified_gmt":"2012-07-19T14:59:20","slug":"el-sabado-abrazo-simbolico-al-hospital-regional-rio-grande","status":"publish","type":"post","link":"https:\/\/archivosonoro.com.ar\/wordpress\/?p=2369","title":{"rendered":"El s\u00e1bado, abrazo simb\u00f3lico al Hospital Regional R\u00edo Grande."},"content":{"rendered":"<p>El s\u00e1bado a las 19Hs se har\u00e1 el abrazo simb\u00f3lico al Hospital Regional R\u00edo Grande reclamando, entre otras cosas, abastecimiento de insumos, mejoras en neonatolog\u00eda, seguridad e higiene y la incorporaci\u00f3n de profesionales. Por FM Ritual, Jos\u00e9 Santana, explic\u00f3 las razones de esta convocatoria a los vecinos riograndenses y confirm\u00f3 la adhesi\u00f3n de distintos sectores pol\u00edticos y sindicales, pero mayormente, vecinos.<\/p>\n","protected":false},"excerpt":{"rendered":"<p>El s\u00e1bado a las 19Hs se har\u00e1 el abrazo simb\u00f3lico al Hospital Regional R\u00edo Grande reclamando, entre otras cosas, abastecimiento de insumos, mejoras en neonatolog\u00eda, seguridad e higiene y la incorporaci\u00f3n de profesionales. Por FM Ritual, Jos\u00e9 Santana, explic\u00f3 las razones de esta convocatoria a los vecinos riograndenses y confirm\u00f3 la adhesi\u00f3n de distintos sectores [&hellip;]<\/p>\n","protected":false},"author":7,"featured_media":0,"comment_status":"open","ping_status":"open","sticky":false,"template":"","format":"standard","meta":{"footnotes":""},"categories":[542],"tags":[738,737],"class_list":["post-2369","post","type-post","status-publish","format-standard","hentry","category-fm-ritual","tag-hospital-regional-rio-grande","tag-santana"],"_links":{"self":[{"href":"https:\/\/archivosonoro.com.ar\/wordpress\/index.php?rest_route=\/wp\/v2\/posts\/2369","targetHints":{"allow":["GET"]}}],"collection":[{"href":"https:\/\/archivosonoro.com.ar\/wordpress\/index.php?rest_route=\/wp\/v2\/posts"}],"about":[{"href":"https:\/\/archivosonoro.com.ar\/wordpress\/index.php?rest_route=\/wp\/v2\/types\/post"}],"author":[{"embeddable":true,"href":"https:\/\/archivosonoro.com.ar\/wordpress\/index.php?rest_route=\/wp\/v2\/users\/7"}],"replies":[{"embeddable":true,"href":"https:\/\/archivosonoro.com.ar\/wordpress\/index.php?rest_route=%2Fwp%2Fv2%2Fcomments&post=2369"}],"version-history":[{"count":1,"href":"https:\/\/archivosonoro.com.ar\/wordpress\/index.php?rest_route=\/wp\/v2\/posts\/2369\/revisions"}],"predecessor-version":[{"id":2370,"href":"https:\/\/archivosonoro.com.ar\/wordpress\/index.php?rest_route=\/wp\/v2\/posts\/2369\/revisions\/2370"}],"wp:attachment":[{"href":"https:\/\/archivosonoro.com.ar\/wordpress\/index.php?rest_route=%2Fwp%2Fv2%2Fmedia&parent=2369"}],"wp:term":[{"taxonomy":"category","embeddable":true,"href":"https:\/\/archivosonoro.com.ar\/wordpress\/index.php?rest_route=%2Fwp%2Fv2%2Fcategories&post=2369"},{"taxonomy":"post_tag","embeddable":true,"href":"https:\/\/archivosonoro.com.ar\/wordpress\/index.php?rest_route=%2Fwp%2Fv2%2Ftags&post=2369"}],"curies":[{"name":"wp","href":"https:\/\/api.w.org\/{rel}","templated":true}]}}