{"id":2367,"date":"2012-07-18T23:38:20","date_gmt":"2012-07-19T02:38:20","guid":{"rendered":"http:\/\/archivosonoro.com.ar\/?p=2367"},"modified":"2012-07-18T23:38:20","modified_gmt":"2012-07-19T02:38:20","slug":"vargas-g-incendio-parque-industrial-rio-grande","status":"publish","type":"post","link":"https:\/\/archivosonoro.com.ar\/wordpress\/?p=2367","title":{"rendered":"Vargas G: Incendio Parque Industrial R\u00edo Grande."},"content":{"rendered":"<p>Desde el Sindicato de Camioneros, Guillermo Vargas afirm\u00f3 que el reclamo por las condiciones en que se encuentra el Parque Industrial de R\u00edo Grande lo hacen hace tiempo. Entrevistado en FM Fr\u00eda se\u00f1al\u00f3 que tras el incendio se trabaja para defender la fuente laboral de los compa\u00f1eros afectados y destac\u00f3 que Petro Pool tiene la intenci\u00f3n de seguir funcionando.<br \/>\nTambi\u00e9n, el sindicalista respondi\u00f3 por las actividades desarrolladas en Buenos Aires; la participaci\u00f3n en el acto de Hugo Moyano y el aumento salarial acordado para el sector.<\/p>\n","protected":false},"excerpt":{"rendered":"<p>Desde el Sindicato de Camioneros, Guillermo Vargas afirm\u00f3 que el reclamo por las condiciones en que se encuentra el Parque Industrial de R\u00edo Grande lo hacen hace tiempo. Entrevistado en FM Fr\u00eda se\u00f1al\u00f3 que tras el incendio se trabaja para defender la fuente laboral de los compa\u00f1eros afectados y destac\u00f3 que Petro Pool tiene la [&hellip;]<\/p>\n","protected":false},"author":7,"featured_media":0,"comment_status":"open","ping_status":"open","sticky":false,"template":"","format":"standard","meta":{"footnotes":""},"categories":[633],"tags":[186,736,318,185],"class_list":["post-2367","post","type-post","status-publish","format-standard","hentry","category-fm-fria","tag-moyano","tag-petro-pool","tag-sindicato-de-camioneros","tag-vargas"],"_links":{"self":[{"href":"https:\/\/archivosonoro.com.ar\/wordpress\/index.php?rest_route=\/wp\/v2\/posts\/2367","targetHints":{"allow":["GET"]}}],"collection":[{"href":"https:\/\/archivosonoro.com.ar\/wordpress\/index.php?rest_route=\/wp\/v2\/posts"}],"about":[{"href":"https:\/\/archivosonoro.com.ar\/wordpress\/index.php?rest_route=\/wp\/v2\/types\/post"}],"author":[{"embeddable":true,"href":"https:\/\/archivosonoro.com.ar\/wordpress\/index.php?rest_route=\/wp\/v2\/users\/7"}],"replies":[{"embeddable":true,"href":"https:\/\/archivosonoro.com.ar\/wordpress\/index.php?rest_route=%2Fwp%2Fv2%2Fcomments&post=2367"}],"version-history":[{"count":1,"href":"https:\/\/archivosonoro.com.ar\/wordpress\/index.php?rest_route=\/wp\/v2\/posts\/2367\/revisions"}],"predecessor-version":[{"id":2368,"href":"https:\/\/archivosonoro.com.ar\/wordpress\/index.php?rest_route=\/wp\/v2\/posts\/2367\/revisions\/2368"}],"wp:attachment":[{"href":"https:\/\/archivosonoro.com.ar\/wordpress\/index.php?rest_route=%2Fwp%2Fv2%2Fmedia&parent=2367"}],"wp:term":[{"taxonomy":"category","embeddable":true,"href":"https:\/\/archivosonoro.com.ar\/wordpress\/index.php?rest_route=%2Fwp%2Fv2%2Fcategories&post=2367"},{"taxonomy":"post_tag","embeddable":true,"href":"https:\/\/archivosonoro.com.ar\/wordpress\/index.php?rest_route=%2Fwp%2Fv2%2Ftags&post=2367"}],"curies":[{"name":"wp","href":"https:\/\/api.w.org\/{rel}","templated":true}]}}