{"id":2363,"date":"2012-07-18T23:12:56","date_gmt":"2012-07-19T02:12:56","guid":{"rendered":"http:\/\/archivosonoro.com.ar\/?p=2363"},"modified":"2012-07-18T23:12:56","modified_gmt":"2012-07-19T02:12:56","slug":"esperon-s-dialogo-con-el-ejecutivo-municipal","status":"publish","type":"post","link":"https:\/\/archivosonoro.com.ar\/wordpress\/?p=2363","title":{"rendered":"Esper\u00f3n S: Di\u00e1logo con el ejecutivo municipal."},"content":{"rendered":"<p>Sandra Esper\u00f3n habl\u00f3 de las reuniones que se mantienen con el ejecutivo municipal para acordar situaciones laborales del sector. Destac\u00f3 que la mayor\u00eda de los gremios con representaci\u00f3n municipal trabajan en conjunto hace tiempo para acordar propuestas en com\u00fan y que el ejecutivo convoque a todas las organizaciones gremiales en un mismo \u00e1mbito conviniendo solicitar la incorporaci\u00f3n a este acuerdo futuro la problem\u00e1tica de los casos an\u00e1logos y el reescalafonamiento de empleados con muchos a\u00f1os de antig\u00fcedad.<br \/>\nEn FM Radio Uno, la Secretaria general del SOEM confirmo que se aumentar\u00e1n los salarios a partir de julio en un 10% y que volver\u00e1n las discusiones en este sentido en el mes de octubre.<\/p>\n","protected":false},"excerpt":{"rendered":"<p>Sandra Esper\u00f3n habl\u00f3 de las reuniones que se mantienen con el ejecutivo municipal para acordar situaciones laborales del sector. Destac\u00f3 que la mayor\u00eda de los gremios con representaci\u00f3n municipal trabajan en conjunto hace tiempo para acordar propuestas en com\u00fan y que el ejecutivo convoque a todas las organizaciones gremiales en un mismo \u00e1mbito conviniendo solicitar [&hellip;]<\/p>\n","protected":false},"author":7,"featured_media":0,"comment_status":"open","ping_status":"open","sticky":false,"template":"","format":"standard","meta":{"footnotes":""},"categories":[41],"tags":[463],"class_list":["post-2363","post","type-post","status-publish","format-standard","hentry","category-radio-uno","tag-esperon-soem"],"_links":{"self":[{"href":"https:\/\/archivosonoro.com.ar\/wordpress\/index.php?rest_route=\/wp\/v2\/posts\/2363","targetHints":{"allow":["GET"]}}],"collection":[{"href":"https:\/\/archivosonoro.com.ar\/wordpress\/index.php?rest_route=\/wp\/v2\/posts"}],"about":[{"href":"https:\/\/archivosonoro.com.ar\/wordpress\/index.php?rest_route=\/wp\/v2\/types\/post"}],"author":[{"embeddable":true,"href":"https:\/\/archivosonoro.com.ar\/wordpress\/index.php?rest_route=\/wp\/v2\/users\/7"}],"replies":[{"embeddable":true,"href":"https:\/\/archivosonoro.com.ar\/wordpress\/index.php?rest_route=%2Fwp%2Fv2%2Fcomments&post=2363"}],"version-history":[{"count":1,"href":"https:\/\/archivosonoro.com.ar\/wordpress\/index.php?rest_route=\/wp\/v2\/posts\/2363\/revisions"}],"predecessor-version":[{"id":2364,"href":"https:\/\/archivosonoro.com.ar\/wordpress\/index.php?rest_route=\/wp\/v2\/posts\/2363\/revisions\/2364"}],"wp:attachment":[{"href":"https:\/\/archivosonoro.com.ar\/wordpress\/index.php?rest_route=%2Fwp%2Fv2%2Fmedia&parent=2363"}],"wp:term":[{"taxonomy":"category","embeddable":true,"href":"https:\/\/archivosonoro.com.ar\/wordpress\/index.php?rest_route=%2Fwp%2Fv2%2Fcategories&post=2363"},{"taxonomy":"post_tag","embeddable":true,"href":"https:\/\/archivosonoro.com.ar\/wordpress\/index.php?rest_route=%2Fwp%2Fv2%2Ftags&post=2363"}],"curies":[{"name":"wp","href":"https:\/\/api.w.org\/{rel}","templated":true}]}}