{"id":2361,"date":"2012-07-18T12:04:19","date_gmt":"2012-07-18T15:04:19","guid":{"rendered":"http:\/\/archivosonoro.com.ar\/?p=2361"},"modified":"2012-07-18T12:04:19","modified_gmt":"2012-07-18T15:04:19","slug":"arcando-jc-se-reunira-con-ricciuti-pasado-el-receso-invernal","status":"publish","type":"post","link":"https:\/\/archivosonoro.com.ar\/wordpress\/?p=2361","title":{"rendered":"Arcando JC: se reunir\u00e1 con Ricciuti pasado el receso invernal."},"content":{"rendered":"<p>El Legislador Juan Carlos Arcando evalu\u00f3 la entrevista, que realizada en FM Universidad se public\u00f3 en el diario Provincia 23, al Contador Ricciuti destituido de su cargo del Tribunal de Cuentas de la provincia. Destac\u00f3 la importancia de la posibilidad del ex-funcionario de \u00abdecir su verdad\u00bb y no descart\u00f3 mantener un encuentro pasado el receso invernal.<\/p>\n","protected":false},"excerpt":{"rendered":"<p>El Legislador Juan Carlos Arcando evalu\u00f3 la entrevista, que realizada en FM Universidad se public\u00f3 en el diario Provincia 23, al Contador Ricciuti destituido de su cargo del Tribunal de Cuentas de la provincia. Destac\u00f3 la importancia de la posibilidad del ex-funcionario de \u00abdecir su verdad\u00bb y no descart\u00f3 mantener un encuentro pasado el receso [&hellip;]<\/p>\n","protected":false},"author":7,"featured_media":0,"comment_status":"open","ping_status":"open","sticky":false,"template":"","format":"standard","meta":{"footnotes":""},"categories":[543],"tags":[67,721],"class_list":["post-2361","post","type-post","status-publish","format-standard","hentry","category-fm-universidad","tag-arcando","tag-ricciuti"],"_links":{"self":[{"href":"https:\/\/archivosonoro.com.ar\/wordpress\/index.php?rest_route=\/wp\/v2\/posts\/2361","targetHints":{"allow":["GET"]}}],"collection":[{"href":"https:\/\/archivosonoro.com.ar\/wordpress\/index.php?rest_route=\/wp\/v2\/posts"}],"about":[{"href":"https:\/\/archivosonoro.com.ar\/wordpress\/index.php?rest_route=\/wp\/v2\/types\/post"}],"author":[{"embeddable":true,"href":"https:\/\/archivosonoro.com.ar\/wordpress\/index.php?rest_route=\/wp\/v2\/users\/7"}],"replies":[{"embeddable":true,"href":"https:\/\/archivosonoro.com.ar\/wordpress\/index.php?rest_route=%2Fwp%2Fv2%2Fcomments&post=2361"}],"version-history":[{"count":1,"href":"https:\/\/archivosonoro.com.ar\/wordpress\/index.php?rest_route=\/wp\/v2\/posts\/2361\/revisions"}],"predecessor-version":[{"id":2362,"href":"https:\/\/archivosonoro.com.ar\/wordpress\/index.php?rest_route=\/wp\/v2\/posts\/2361\/revisions\/2362"}],"wp:attachment":[{"href":"https:\/\/archivosonoro.com.ar\/wordpress\/index.php?rest_route=%2Fwp%2Fv2%2Fmedia&parent=2361"}],"wp:term":[{"taxonomy":"category","embeddable":true,"href":"https:\/\/archivosonoro.com.ar\/wordpress\/index.php?rest_route=%2Fwp%2Fv2%2Fcategories&post=2361"},{"taxonomy":"post_tag","embeddable":true,"href":"https:\/\/archivosonoro.com.ar\/wordpress\/index.php?rest_route=%2Fwp%2Fv2%2Ftags&post=2361"}],"curies":[{"name":"wp","href":"https:\/\/api.w.org\/{rel}","templated":true}]}}