{"id":2351,"date":"2012-07-17T12:24:52","date_gmt":"2012-07-17T15:24:52","guid":{"rendered":"http:\/\/archivosonoro.com.ar\/?p=2351"},"modified":"2012-07-17T12:24:52","modified_gmt":"2012-07-17T15:24:52","slug":"la-camara-inmobiliaria-se-sumo-a-la-conferencia-de-prensa-contra-el-aumento-a-los-ingresos-brutos","status":"publish","type":"post","link":"https:\/\/archivosonoro.com.ar\/wordpress\/?p=2351","title":{"rendered":"La C\u00e1mara Inmobiliaria se sum\u00f3 a la conferencia de prensa contra el aumento a los ingresos brutos."},"content":{"rendered":"<p>La C\u00e1mara Inmobiliaria se sum\u00f3 a la conferencia de prensa de la C\u00e1mara de Comercio en rechazo al aumento de la al\u00edcuota de los ingresos brutos. En FM del Sur, Aldo Benedettatu expuso sobre la situaci\u00f3n del sector resaltando que se ha reducido la compra-venta de inmuebles en un 70%. Adem\u00e1s, habl\u00f3 de la situaci\u00f3n de los alquileres y en este sentido dijo que la escacez de oferta ha sido siempre una constante en Ushuaia y justific\u00f3 los montos del mercado ejemplificando que un alquiler de un departamento de 2 dormitorios equivale a la mitad del sueldo de un empleado de inmobiliaria.<\/p>\n","protected":false},"excerpt":{"rendered":"<p>La C\u00e1mara Inmobiliaria se sum\u00f3 a la conferencia de prensa de la C\u00e1mara de Comercio en rechazo al aumento de la al\u00edcuota de los ingresos brutos. En FM del Sur, Aldo Benedettatu expuso sobre la situaci\u00f3n del sector resaltando que se ha reducido la compra-venta de inmuebles en un 70%. Adem\u00e1s, habl\u00f3 de la situaci\u00f3n [&hellip;]<\/p>\n","protected":false},"author":7,"featured_media":0,"comment_status":"open","ping_status":"open","sticky":false,"template":"","format":"standard","meta":{"footnotes":""},"categories":[17],"tags":[730,394,731],"class_list":["post-2351","post","type-post","status-publish","format-standard","hentry","category-fm-del-sur","tag-benedettatu","tag-camara-de-comercio","tag-camara-inmobiliaria"],"_links":{"self":[{"href":"https:\/\/archivosonoro.com.ar\/wordpress\/index.php?rest_route=\/wp\/v2\/posts\/2351","targetHints":{"allow":["GET"]}}],"collection":[{"href":"https:\/\/archivosonoro.com.ar\/wordpress\/index.php?rest_route=\/wp\/v2\/posts"}],"about":[{"href":"https:\/\/archivosonoro.com.ar\/wordpress\/index.php?rest_route=\/wp\/v2\/types\/post"}],"author":[{"embeddable":true,"href":"https:\/\/archivosonoro.com.ar\/wordpress\/index.php?rest_route=\/wp\/v2\/users\/7"}],"replies":[{"embeddable":true,"href":"https:\/\/archivosonoro.com.ar\/wordpress\/index.php?rest_route=%2Fwp%2Fv2%2Fcomments&post=2351"}],"version-history":[{"count":1,"href":"https:\/\/archivosonoro.com.ar\/wordpress\/index.php?rest_route=\/wp\/v2\/posts\/2351\/revisions"}],"predecessor-version":[{"id":2352,"href":"https:\/\/archivosonoro.com.ar\/wordpress\/index.php?rest_route=\/wp\/v2\/posts\/2351\/revisions\/2352"}],"wp:attachment":[{"href":"https:\/\/archivosonoro.com.ar\/wordpress\/index.php?rest_route=%2Fwp%2Fv2%2Fmedia&parent=2351"}],"wp:term":[{"taxonomy":"category","embeddable":true,"href":"https:\/\/archivosonoro.com.ar\/wordpress\/index.php?rest_route=%2Fwp%2Fv2%2Fcategories&post=2351"},{"taxonomy":"post_tag","embeddable":true,"href":"https:\/\/archivosonoro.com.ar\/wordpress\/index.php?rest_route=%2Fwp%2Fv2%2Ftags&post=2351"}],"curies":[{"name":"wp","href":"https:\/\/api.w.org\/{rel}","templated":true}]}}