{"id":2337,"date":"2012-07-16T12:10:10","date_gmt":"2012-07-16T15:10:10","guid":{"rendered":"http:\/\/archivosonoro.com.ar\/?p=2337"},"modified":"2012-07-16T12:10:10","modified_gmt":"2012-07-16T15:10:10","slug":"schiavini-a-opina-sobre-la-matanza-de-caballos-en-el-parque-nacional","status":"publish","type":"post","link":"https:\/\/archivosonoro.com.ar\/wordpress\/?p=2337","title":{"rendered":"Schiavini A: Opina sobre la matanza de caballos en el Parque Nacional."},"content":{"rendered":"<p>Adri\u00e1n Schiavini, bi\u00f3logo del CADIC, habl\u00f3 del control de especies ex\u00f3ticas en el Parque Nacional de Tierra del Fuego y opin\u00f3 en t\u00e9rminos generales de la matanza de caballos. Explic\u00f3 en FM Universidad, que en el contexto del Parque Nacional, el caballo es considerado como una especie ex\u00f3tica y habl\u00f3 de las acciones que desde Parques Nacionales se hacen para evitar la presencia de caballos que tienen due\u00f1o, tengan o no tengan marca, dentro de Parques Nacionales, y sugiri\u00f3 se los consulte por las acciones que lamentablemente esos due\u00f1os han llevado adelante para evitar que esos animales no entren al parque.<\/p>\n","protected":false},"excerpt":{"rendered":"<p>Adri\u00e1n Schiavini, bi\u00f3logo del CADIC, habl\u00f3 del control de especies ex\u00f3ticas en el Parque Nacional de Tierra del Fuego y opin\u00f3 en t\u00e9rminos generales de la matanza de caballos. Explic\u00f3 en FM Universidad, que en el contexto del Parque Nacional, el caballo es considerado como una especie ex\u00f3tica y habl\u00f3 de las acciones que desde [&hellip;]<\/p>\n","protected":false},"author":7,"featured_media":0,"comment_status":"open","ping_status":"open","sticky":false,"template":"","format":"standard","meta":{"footnotes":""},"categories":[543],"tags":[724,725],"class_list":["post-2337","post","type-post","status-publish","format-standard","hentry","category-fm-universidad","tag-parque-nacional-tierra-del-fuego","tag-schiavini"],"_links":{"self":[{"href":"https:\/\/archivosonoro.com.ar\/wordpress\/index.php?rest_route=\/wp\/v2\/posts\/2337","targetHints":{"allow":["GET"]}}],"collection":[{"href":"https:\/\/archivosonoro.com.ar\/wordpress\/index.php?rest_route=\/wp\/v2\/posts"}],"about":[{"href":"https:\/\/archivosonoro.com.ar\/wordpress\/index.php?rest_route=\/wp\/v2\/types\/post"}],"author":[{"embeddable":true,"href":"https:\/\/archivosonoro.com.ar\/wordpress\/index.php?rest_route=\/wp\/v2\/users\/7"}],"replies":[{"embeddable":true,"href":"https:\/\/archivosonoro.com.ar\/wordpress\/index.php?rest_route=%2Fwp%2Fv2%2Fcomments&post=2337"}],"version-history":[{"count":1,"href":"https:\/\/archivosonoro.com.ar\/wordpress\/index.php?rest_route=\/wp\/v2\/posts\/2337\/revisions"}],"predecessor-version":[{"id":2338,"href":"https:\/\/archivosonoro.com.ar\/wordpress\/index.php?rest_route=\/wp\/v2\/posts\/2337\/revisions\/2338"}],"wp:attachment":[{"href":"https:\/\/archivosonoro.com.ar\/wordpress\/index.php?rest_route=%2Fwp%2Fv2%2Fmedia&parent=2337"}],"wp:term":[{"taxonomy":"category","embeddable":true,"href":"https:\/\/archivosonoro.com.ar\/wordpress\/index.php?rest_route=%2Fwp%2Fv2%2Fcategories&post=2337"},{"taxonomy":"post_tag","embeddable":true,"href":"https:\/\/archivosonoro.com.ar\/wordpress\/index.php?rest_route=%2Fwp%2Fv2%2Ftags&post=2337"}],"curies":[{"name":"wp","href":"https:\/\/api.w.org\/{rel}","templated":true}]}}