{"id":2335,"date":"2012-07-16T11:56:13","date_gmt":"2012-07-16T14:56:13","guid":{"rendered":"http:\/\/archivosonoro.com.ar\/?p=2335"},"modified":"2012-07-16T11:56:13","modified_gmt":"2012-07-16T14:56:13","slug":"lovece-j-un-espectaculo-de-caballos-muertos-a-balazos-no-es-agradable","status":"publish","type":"post","link":"https:\/\/archivosonoro.com.ar\/wordpress\/?p=2335","title":{"rendered":"Lovece J: Un espect\u00e1culo de caballos muertos a balazos no es agradable."},"content":{"rendered":"<p>Desde la Fundaci\u00f3n Ushuaia XXI, Julio Lovece manifest\u00f3 su pena por la matanza de caballos en el Parque Nacional Tierra del Fuego. Admitiendo que no es sencillo el tema, rechaz\u00f3 la excusa de los costos de mantenimiento y alimentaci\u00f3n de los equinos hasta que sean recuperados por sus due\u00f1os y los escasos recursos con que cuentan los Parques Nacionales.<br \/>\nEn FM Universidad, Lovece expres\u00f3: \u00abver un espect\u00e1culo de caballos muertos a balazos no es un espect\u00e1culo agradable\u00bb y remarc\u00f3 que el problema es m\u00e1s profundo.<\/p>\n","protected":false},"excerpt":{"rendered":"<p>Desde la Fundaci\u00f3n Ushuaia XXI, Julio Lovece manifest\u00f3 su pena por la matanza de caballos en el Parque Nacional Tierra del Fuego. Admitiendo que no es sencillo el tema, rechaz\u00f3 la excusa de los costos de mantenimiento y alimentaci\u00f3n de los equinos hasta que sean recuperados por sus due\u00f1os y los escasos recursos con que [&hellip;]<\/p>\n","protected":false},"author":7,"featured_media":0,"comment_status":"open","ping_status":"open","sticky":false,"template":"","format":"standard","meta":{"footnotes":""},"categories":[543],"tags":[723,724],"class_list":["post-2335","post","type-post","status-publish","format-standard","hentry","category-fm-universidad","tag-lovece","tag-parque-nacional-tierra-del-fuego"],"_links":{"self":[{"href":"https:\/\/archivosonoro.com.ar\/wordpress\/index.php?rest_route=\/wp\/v2\/posts\/2335","targetHints":{"allow":["GET"]}}],"collection":[{"href":"https:\/\/archivosonoro.com.ar\/wordpress\/index.php?rest_route=\/wp\/v2\/posts"}],"about":[{"href":"https:\/\/archivosonoro.com.ar\/wordpress\/index.php?rest_route=\/wp\/v2\/types\/post"}],"author":[{"embeddable":true,"href":"https:\/\/archivosonoro.com.ar\/wordpress\/index.php?rest_route=\/wp\/v2\/users\/7"}],"replies":[{"embeddable":true,"href":"https:\/\/archivosonoro.com.ar\/wordpress\/index.php?rest_route=%2Fwp%2Fv2%2Fcomments&post=2335"}],"version-history":[{"count":1,"href":"https:\/\/archivosonoro.com.ar\/wordpress\/index.php?rest_route=\/wp\/v2\/posts\/2335\/revisions"}],"predecessor-version":[{"id":2336,"href":"https:\/\/archivosonoro.com.ar\/wordpress\/index.php?rest_route=\/wp\/v2\/posts\/2335\/revisions\/2336"}],"wp:attachment":[{"href":"https:\/\/archivosonoro.com.ar\/wordpress\/index.php?rest_route=%2Fwp%2Fv2%2Fmedia&parent=2335"}],"wp:term":[{"taxonomy":"category","embeddable":true,"href":"https:\/\/archivosonoro.com.ar\/wordpress\/index.php?rest_route=%2Fwp%2Fv2%2Fcategories&post=2335"},{"taxonomy":"post_tag","embeddable":true,"href":"https:\/\/archivosonoro.com.ar\/wordpress\/index.php?rest_route=%2Fwp%2Fv2%2Ftags&post=2335"}],"curies":[{"name":"wp","href":"https:\/\/api.w.org\/{rel}","templated":true}]}}