{"id":2333,"date":"2012-07-16T01:18:41","date_gmt":"2012-07-16T04:18:41","guid":{"rendered":"http:\/\/archivosonoro.com.ar\/?p=2333"},"modified":"2012-07-16T01:18:41","modified_gmt":"2012-07-16T04:18:41","slug":"hablo-ricciuti-y-apunto-a-cierta-porqueria-que-anda-suelta-por-ahi-diciendo-que-hace-politica","status":"publish","type":"post","link":"https:\/\/archivosonoro.com.ar\/wordpress\/?p=2333","title":{"rendered":"Habl\u00f3 Ricciuti y apunt\u00f3 a \u00abcierta porquer\u00eda que anda suelta por ah\u00ed diciendo que hace pol\u00edtica\u00bb."},"content":{"rendered":"<p>El Contador Claudio Ricciuti decidi\u00f3 hablar luego de un largo tiempo desde su destituci\u00f3n del Tribunal de Cuentas de la provincia: \u00abhablo ahora porque en definitiva, no es que me est\u00e9 por morir, pero tengo problemas de salud y tengo cierto temor de no tener tiempo para poder aclarar mi situaci\u00f3n, limpiar mi nombre y en todo caso, limpiar a la sociedad de cierta porquer\u00eda que anda suelta por ah\u00ed diciendo que hace pol\u00edtica\u00bb.<br \/>\nEn el programa \u00abDos preguntan\u00bb que se emite los s\u00e1bados por FM Universidad, Ricciuti record\u00f3 como lleg\u00f3 a la Tierra del Fuego y sintetiz\u00f3 la integraci\u00f3n del Tribunal de Cuentas desde su creaci\u00f3n en 1994 \u00abdonde todav\u00eda hab\u00eda valores en la pol\u00edtica\u00bb. Adem\u00e1s, justific\u00f3 su postura contraria al convenio con Tierra del Fuego Energ\u00eda y Qu\u00edmica, \u00abuna cosa mal parida\u00bb y recalc\u00f3 que de igual manera, opinan 30 mil fueguinos que avalaron con su firma, el rechazo al acuerdo. En este tema, asegur\u00f3 que el tiempo le dio la raz\u00f3n no solo a \u00e9l, tambi\u00e9n al Fiscal de Estado, al ex-vice gobernador Bassanetti y a los 30mil ciudadanos porque a 4 a\u00f1os de la rubrica del convenio, no hay nada. Explic\u00f3 las razones por las que cobr\u00f3 por T\u00edtulo y Antig\u00fcedad al igual que los otros miembros del Tribunal pero solo \u00e9l fue juzgado e inhabilitado por 5 a\u00f1os para ejercer cargos p\u00fablicos y puso en relieve: \u00aba pocos d\u00edas de mi destituci\u00f3n modifican la Ley y ya los miembros del Tribunal de Cuentas no cobran el 85% de lo que cobra un Legislador, cobran el 90% de lo que cobra el gobernador, esto cierra esta historia paranormal, paranormal en el sentido de para normal, si alguien lo entiende, de como a mi me quisieron sacar del medio porque evidentemente era una piedra en el zapato\u00bb.<br \/>\nRicciuti afirm\u00f3 que \u00abeste grupejo que maneja o que intenta manejar este tipo de cosas o que la manej\u00f3, evidentemente inteligencia no tiene, a tal punto que la mayor\u00eda de ellos hasta recibi\u00f3 la espalda del pueblo porque muchos quisieron volver a ser legisladores y no fueron reelectos\u00bb. Analiz\u00f3 las declaraciones de Javier Muchnik cuando se refiri\u00f3 a la remuneraci\u00f3n del gobernador y a la duda sobre que abarca este concepto: \u00abante esa duda no se puede condenar a una persona con una sanci\u00f3n penal, en cierta manera, tengo la libertad de trabajo reprimida\u00bb, asegur\u00f3. Tambi\u00e9n, opin\u00f3 sobre declaraciones de Fernando Lin.<br \/>\nEn otro tramo de la entrevista, confirm\u00f3 que una persona le propuso en su casa que renuncie al cargo porque hab\u00eda un grupo de personas que estaba totalmente en desacuerdo con lo que estaba haciendo.<\/p>\n","protected":false},"excerpt":{"rendered":"<p>El Contador Claudio Ricciuti decidi\u00f3 hablar luego de un largo tiempo desde su destituci\u00f3n del Tribunal de Cuentas de la provincia: \u00abhablo ahora porque en definitiva, no es que me est\u00e9 por morir, pero tengo problemas de salud y tengo cierto temor de no tener tiempo para poder aclarar mi situaci\u00f3n, limpiar mi nombre y [&hellip;]<\/p>\n","protected":false},"author":7,"featured_media":0,"comment_status":"open","ping_status":"open","sticky":false,"template":"","format":"standard","meta":{"footnotes":""},"categories":[543],"tags":[722,593,721],"class_list":["post-2333","post","type-post","status-publish","format-standard","hentry","category-fm-universidad","tag-lin","tag-muchnik","tag-ricciuti"],"_links":{"self":[{"href":"https:\/\/archivosonoro.com.ar\/wordpress\/index.php?rest_route=\/wp\/v2\/posts\/2333","targetHints":{"allow":["GET"]}}],"collection":[{"href":"https:\/\/archivosonoro.com.ar\/wordpress\/index.php?rest_route=\/wp\/v2\/posts"}],"about":[{"href":"https:\/\/archivosonoro.com.ar\/wordpress\/index.php?rest_route=\/wp\/v2\/types\/post"}],"author":[{"embeddable":true,"href":"https:\/\/archivosonoro.com.ar\/wordpress\/index.php?rest_route=\/wp\/v2\/users\/7"}],"replies":[{"embeddable":true,"href":"https:\/\/archivosonoro.com.ar\/wordpress\/index.php?rest_route=%2Fwp%2Fv2%2Fcomments&post=2333"}],"version-history":[{"count":1,"href":"https:\/\/archivosonoro.com.ar\/wordpress\/index.php?rest_route=\/wp\/v2\/posts\/2333\/revisions"}],"predecessor-version":[{"id":2334,"href":"https:\/\/archivosonoro.com.ar\/wordpress\/index.php?rest_route=\/wp\/v2\/posts\/2333\/revisions\/2334"}],"wp:attachment":[{"href":"https:\/\/archivosonoro.com.ar\/wordpress\/index.php?rest_route=%2Fwp%2Fv2%2Fmedia&parent=2333"}],"wp:term":[{"taxonomy":"category","embeddable":true,"href":"https:\/\/archivosonoro.com.ar\/wordpress\/index.php?rest_route=%2Fwp%2Fv2%2Fcategories&post=2333"},{"taxonomy":"post_tag","embeddable":true,"href":"https:\/\/archivosonoro.com.ar\/wordpress\/index.php?rest_route=%2Fwp%2Fv2%2Ftags&post=2333"}],"curies":[{"name":"wp","href":"https:\/\/api.w.org\/{rel}","templated":true}]}}