{"id":2283,"date":"2012-07-10T12:24:36","date_gmt":"2012-07-10T15:24:36","guid":{"rendered":"http:\/\/archivosonoro.com.ar\/?p=2283"},"modified":"2012-07-10T12:24:36","modified_gmt":"2012-07-10T15:24:36","slug":"molayoli-s-sin-dialogo-con-la-comision-directiva-provincial-del-sutef","status":"publish","type":"post","link":"https:\/\/archivosonoro.com.ar\/wordpress\/?p=2283","title":{"rendered":"Molayoli S: sin di\u00e1logo con la Comisi\u00f3n Directiva provincial del SUTEF."},"content":{"rendered":"<p>M\u00e1s all\u00e1 de la confirmaci\u00f3n de la nueva fecha de elecciones internas, no hay di\u00e1logo entre la Comisi\u00f3n Directiva provincial del SUTEF y la Seccional R\u00edo Grande. Susana Molayoli habl\u00f3 de la situaci\u00f3n en FM Ritual y adelant\u00f3 que se piden m\u00e1s mesas para promover el voto. Resalt\u00f3 que en Ushuaia solo hay 4 mesas y critic\u00f3 la confecci\u00f3n de los padrones en los cuales ella no figura y trabajadores de R\u00edo Grande tienen mesa para votar en Tolhuin.<\/p>\n","protected":false},"excerpt":{"rendered":"<p>M\u00e1s all\u00e1 de la confirmaci\u00f3n de la nueva fecha de elecciones internas, no hay di\u00e1logo entre la Comisi\u00f3n Directiva provincial del SUTEF y la Seccional R\u00edo Grande. Susana Molayoli habl\u00f3 de la situaci\u00f3n en FM Ritual y adelant\u00f3 que se piden m\u00e1s mesas para promover el voto. Resalt\u00f3 que en Ushuaia solo hay 4 mesas [&hellip;]<\/p>\n","protected":false},"author":7,"featured_media":0,"comment_status":"open","ping_status":"open","sticky":false,"template":"","format":"standard","meta":{"footnotes":""},"categories":[542],"tags":[30,31],"class_list":["post-2283","post","type-post","status-publish","format-standard","hentry","category-fm-ritual","tag-molayoli","tag-sutef"],"_links":{"self":[{"href":"https:\/\/archivosonoro.com.ar\/wordpress\/index.php?rest_route=\/wp\/v2\/posts\/2283","targetHints":{"allow":["GET"]}}],"collection":[{"href":"https:\/\/archivosonoro.com.ar\/wordpress\/index.php?rest_route=\/wp\/v2\/posts"}],"about":[{"href":"https:\/\/archivosonoro.com.ar\/wordpress\/index.php?rest_route=\/wp\/v2\/types\/post"}],"author":[{"embeddable":true,"href":"https:\/\/archivosonoro.com.ar\/wordpress\/index.php?rest_route=\/wp\/v2\/users\/7"}],"replies":[{"embeddable":true,"href":"https:\/\/archivosonoro.com.ar\/wordpress\/index.php?rest_route=%2Fwp%2Fv2%2Fcomments&post=2283"}],"version-history":[{"count":1,"href":"https:\/\/archivosonoro.com.ar\/wordpress\/index.php?rest_route=\/wp\/v2\/posts\/2283\/revisions"}],"predecessor-version":[{"id":2284,"href":"https:\/\/archivosonoro.com.ar\/wordpress\/index.php?rest_route=\/wp\/v2\/posts\/2283\/revisions\/2284"}],"wp:attachment":[{"href":"https:\/\/archivosonoro.com.ar\/wordpress\/index.php?rest_route=%2Fwp%2Fv2%2Fmedia&parent=2283"}],"wp:term":[{"taxonomy":"category","embeddable":true,"href":"https:\/\/archivosonoro.com.ar\/wordpress\/index.php?rest_route=%2Fwp%2Fv2%2Fcategories&post=2283"},{"taxonomy":"post_tag","embeddable":true,"href":"https:\/\/archivosonoro.com.ar\/wordpress\/index.php?rest_route=%2Fwp%2Fv2%2Ftags&post=2283"}],"curies":[{"name":"wp","href":"https:\/\/api.w.org\/{rel}","templated":true}]}}