{"id":2255,"date":"2012-07-09T13:58:32","date_gmt":"2012-07-09T16:58:32","guid":{"rendered":"http:\/\/archivosonoro.com.ar\/?p=2255"},"modified":"2012-07-09T13:58:32","modified_gmt":"2012-07-09T16:58:32","slug":"blanco-p-la-actividad-industrial-no-va-a-tener-modificacion-en-la-alicuota-de-ingresos-brutos","status":"publish","type":"post","link":"https:\/\/archivosonoro.com.ar\/wordpress\/?p=2255","title":{"rendered":"Blanco P: \u00abla actividad industrial no va a tener modificaci\u00f3n en la al\u00edcuota de Ingresos Brutos\u00bb."},"content":{"rendered":"<p>Pablo Blanco asegur\u00f3 que todos los sectores ser\u00e1n escuchados en la legislatura en  relaci\u00f3n a la tarifaria y despu\u00e9s cada bloque tomar\u00e1 una postura. resalt\u00f3 que la industria paga Ingresos Brutos y Tasa de Verificaci\u00f3n de Procesos Productivos y por eso siempre qued\u00f3 fuera de la tarifaria: \u00abno se por qu\u00e9 motivo en el proyecto que mand\u00f3 el ejecutivo fue enviado, pero bueno, esto va a ser analizado en comisi\u00f3n. Desde ya te adelantamos que lo que nosotros conversamos con anterioridad lo vamos a sostener, la actividad industrial no va a tener modificaci\u00f3n en la al\u00edcuota de Ingresos Brutos\u00bb, asegur\u00f3.<br \/>\nEn \u00abEl Correo de los s\u00e1bados\u00bb, el legislador explic\u00f3 la diferencia surgida con el intendente de Ushuaia Federico Sciurano en torno a  la aplicaci\u00f3n de la Ley 648 que demand\u00f3 una inmediata reuni\u00f3n de los electos radicales y autoridades partidarias.<\/p>\n","protected":false},"excerpt":{"rendered":"<p>Pablo Blanco asegur\u00f3 que todos los sectores ser\u00e1n escuchados en la legislatura en relaci\u00f3n a la tarifaria y despu\u00e9s cada bloque tomar\u00e1 una postura. resalt\u00f3 que la industria paga Ingresos Brutos y Tasa de Verificaci\u00f3n de Procesos Productivos y por eso siempre qued\u00f3 fuera de la tarifaria: \u00abno se por qu\u00e9 motivo en el proyecto [&hellip;]<\/p>\n","protected":false},"author":7,"featured_media":0,"comment_status":"open","ping_status":"open","sticky":false,"template":"","format":"standard","meta":{"footnotes":""},"categories":[14],"tags":[68,703],"class_list":["post-2255","post","type-post","status-publish","format-standard","hentry","category-fm-del-sol","tag-blanco","tag-sciiurano"],"_links":{"self":[{"href":"https:\/\/archivosonoro.com.ar\/wordpress\/index.php?rest_route=\/wp\/v2\/posts\/2255","targetHints":{"allow":["GET"]}}],"collection":[{"href":"https:\/\/archivosonoro.com.ar\/wordpress\/index.php?rest_route=\/wp\/v2\/posts"}],"about":[{"href":"https:\/\/archivosonoro.com.ar\/wordpress\/index.php?rest_route=\/wp\/v2\/types\/post"}],"author":[{"embeddable":true,"href":"https:\/\/archivosonoro.com.ar\/wordpress\/index.php?rest_route=\/wp\/v2\/users\/7"}],"replies":[{"embeddable":true,"href":"https:\/\/archivosonoro.com.ar\/wordpress\/index.php?rest_route=%2Fwp%2Fv2%2Fcomments&post=2255"}],"version-history":[{"count":1,"href":"https:\/\/archivosonoro.com.ar\/wordpress\/index.php?rest_route=\/wp\/v2\/posts\/2255\/revisions"}],"predecessor-version":[{"id":2256,"href":"https:\/\/archivosonoro.com.ar\/wordpress\/index.php?rest_route=\/wp\/v2\/posts\/2255\/revisions\/2256"}],"wp:attachment":[{"href":"https:\/\/archivosonoro.com.ar\/wordpress\/index.php?rest_route=%2Fwp%2Fv2%2Fmedia&parent=2255"}],"wp:term":[{"taxonomy":"category","embeddable":true,"href":"https:\/\/archivosonoro.com.ar\/wordpress\/index.php?rest_route=%2Fwp%2Fv2%2Fcategories&post=2255"},{"taxonomy":"post_tag","embeddable":true,"href":"https:\/\/archivosonoro.com.ar\/wordpress\/index.php?rest_route=%2Fwp%2Fv2%2Ftags&post=2255"}],"curies":[{"name":"wp","href":"https:\/\/api.w.org\/{rel}","templated":true}]}}