{"id":2252,"date":"2012-07-09T13:44:31","date_gmt":"2012-07-09T16:44:31","guid":{"rendered":"http:\/\/archivosonoro.com.ar\/?p=2252"},"modified":"2012-07-09T13:44:31","modified_gmt":"2012-07-09T16:44:31","slug":"bertone-r-hubo-sectores-que-no-nos-acompanaron-que-debieron-tener-una-actitud-distinta","status":"publish","type":"post","link":"https:\/\/archivosonoro.com.ar\/wordpress\/?p=2252","title":{"rendered":"Bertone R: \u00abHubo sectores que no nos acompa\u00f1aron, que debieron tener una actitud distinta\u00bb."},"content":{"rendered":"<p>En \u00abEl correo de los s\u00e1bados\u00bb, Rosana Bertone dio cuenta de sus actividades de las \u00faltimas semanas destacando  encuentros con los vecinos de Ushuaia y la reuni\u00f3n mantenida con la Presidenta del Concejo deliberante de R\u00edo Grande. Evit\u00f3 opinar sobre el conflicto de la provincia de Buenos Aires con la naci\u00f3n aunque defendi\u00f3 el modelo que impulsa la presidenta Cristina Fernandez de Kirchner.<br \/>\nLa diputada por el FPV fue consultada por la relaci\u00f3n comercial con China y diferenci\u00f3 la relaci\u00f3n entre el Primer Ministro y la Presidenta de la relaci\u00f3n que la Tierra del Fuego mantiene con empresarios chinos: \u00abno podemos ir a negociar con un monotributista vendedor de bijouterie\u00bb, asegur\u00f3. Adem\u00e1s, cuestion\u00f3 la reforma tributaria impulsada por el gobierno resaltando la falta de acompa\u00f1amiento a los sectores productivos.<br \/>\nFinalizando, habl\u00f3 de la obsecuencia del Tribunal de Cuentas para con el gobierno, del cobro de desarraigo de funcionarios p\u00fablicos, de la situaci\u00f3n del aeropuerto de R\u00edo Grande y del PJ fueguino. \u00abNadie podr\u00eda decir que yo no vivo y siento el peronismo, ahora desde que espacio o que lugar lo vamos a hacer, es una cosa que se discute en el momento de la elecci\u00f3n\u00bb, a\u00f1adiendo que no pueden volver 20 a\u00f1os para atr\u00e1s sino continuar en el camino de la renovaci\u00f3n.<\/p>\n","protected":false},"excerpt":{"rendered":"<p>En \u00abEl correo de los s\u00e1bados\u00bb, Rosana Bertone dio cuenta de sus actividades de las \u00faltimas semanas destacando encuentros con los vecinos de Ushuaia y la reuni\u00f3n mantenida con la Presidenta del Concejo deliberante de R\u00edo Grande. Evit\u00f3 opinar sobre el conflicto de la provincia de Buenos Aires con la naci\u00f3n aunque defendi\u00f3 el modelo [&hellip;]<\/p>\n","protected":false},"author":7,"featured_media":0,"comment_status":"open","ping_status":"open","sticky":false,"template":"","format":"standard","meta":{"footnotes":""},"categories":[14],"tags":[251,34],"class_list":["post-2252","post","type-post","status-publish","format-standard","hentry","category-fm-del-sol","tag-bertone","tag-kirchner"],"_links":{"self":[{"href":"https:\/\/archivosonoro.com.ar\/wordpress\/index.php?rest_route=\/wp\/v2\/posts\/2252","targetHints":{"allow":["GET"]}}],"collection":[{"href":"https:\/\/archivosonoro.com.ar\/wordpress\/index.php?rest_route=\/wp\/v2\/posts"}],"about":[{"href":"https:\/\/archivosonoro.com.ar\/wordpress\/index.php?rest_route=\/wp\/v2\/types\/post"}],"author":[{"embeddable":true,"href":"https:\/\/archivosonoro.com.ar\/wordpress\/index.php?rest_route=\/wp\/v2\/users\/7"}],"replies":[{"embeddable":true,"href":"https:\/\/archivosonoro.com.ar\/wordpress\/index.php?rest_route=%2Fwp%2Fv2%2Fcomments&post=2252"}],"version-history":[{"count":1,"href":"https:\/\/archivosonoro.com.ar\/wordpress\/index.php?rest_route=\/wp\/v2\/posts\/2252\/revisions"}],"predecessor-version":[{"id":2253,"href":"https:\/\/archivosonoro.com.ar\/wordpress\/index.php?rest_route=\/wp\/v2\/posts\/2252\/revisions\/2253"}],"wp:attachment":[{"href":"https:\/\/archivosonoro.com.ar\/wordpress\/index.php?rest_route=%2Fwp%2Fv2%2Fmedia&parent=2252"}],"wp:term":[{"taxonomy":"category","embeddable":true,"href":"https:\/\/archivosonoro.com.ar\/wordpress\/index.php?rest_route=%2Fwp%2Fv2%2Fcategories&post=2252"},{"taxonomy":"post_tag","embeddable":true,"href":"https:\/\/archivosonoro.com.ar\/wordpress\/index.php?rest_route=%2Fwp%2Fv2%2Ftags&post=2252"}],"curies":[{"name":"wp","href":"https:\/\/api.w.org\/{rel}","templated":true}]}}