{"id":2250,"date":"2012-07-08T16:09:12","date_gmt":"2012-07-08T19:09:12","guid":{"rendered":"http:\/\/archivosonoro.com.ar\/?p=2250"},"modified":"2012-07-08T16:09:12","modified_gmt":"2012-07-08T19:09:12","slug":"las-camaras-empresarias-y-la-reforma-tarifaria-4","status":"publish","type":"post","link":"https:\/\/archivosonoro.com.ar\/wordpress\/?p=2250","title":{"rendered":"Las c\u00e1maras empresarias y la reforma tarifaria."},"content":{"rendered":"<p>En el ultimo bloque de \u00abDos preguntan\u00bb, se hablo sobre la situaci\u00f3n de la construcci\u00f3n en la provincia resaltando que con la escasa obra p\u00fablica, el sector pasa por un momento de recesi\u00f3n: \u00abes un crimen que una provincia con un  presupuesto de 5 mil millones no tenga obra p\u00fablica\u00bb, afirm\u00f3 el ingeniero Pablo Canga. Finalmente, cada panelista esboz\u00f3 su conclusi\u00f3n<\/p>\n","protected":false},"excerpt":{"rendered":"<p>En el ultimo bloque de \u00abDos preguntan\u00bb, se hablo sobre la situaci\u00f3n de la construcci\u00f3n en la provincia resaltando que con la escasa obra p\u00fablica, el sector pasa por un momento de recesi\u00f3n: \u00abes un crimen que una provincia con un presupuesto de 5 mil millones no tenga obra p\u00fablica\u00bb, afirm\u00f3 el ingeniero Pablo Canga. [&hellip;]<\/p>\n","protected":false},"author":7,"featured_media":0,"comment_status":"open","ping_status":"open","sticky":false,"template":"","format":"standard","meta":{"footnotes":""},"categories":[543],"tags":[],"class_list":["post-2250","post","type-post","status-publish","format-standard","hentry","category-fm-universidad"],"_links":{"self":[{"href":"https:\/\/archivosonoro.com.ar\/wordpress\/index.php?rest_route=\/wp\/v2\/posts\/2250","targetHints":{"allow":["GET"]}}],"collection":[{"href":"https:\/\/archivosonoro.com.ar\/wordpress\/index.php?rest_route=\/wp\/v2\/posts"}],"about":[{"href":"https:\/\/archivosonoro.com.ar\/wordpress\/index.php?rest_route=\/wp\/v2\/types\/post"}],"author":[{"embeddable":true,"href":"https:\/\/archivosonoro.com.ar\/wordpress\/index.php?rest_route=\/wp\/v2\/users\/7"}],"replies":[{"embeddable":true,"href":"https:\/\/archivosonoro.com.ar\/wordpress\/index.php?rest_route=%2Fwp%2Fv2%2Fcomments&post=2250"}],"version-history":[{"count":1,"href":"https:\/\/archivosonoro.com.ar\/wordpress\/index.php?rest_route=\/wp\/v2\/posts\/2250\/revisions"}],"predecessor-version":[{"id":2251,"href":"https:\/\/archivosonoro.com.ar\/wordpress\/index.php?rest_route=\/wp\/v2\/posts\/2250\/revisions\/2251"}],"wp:attachment":[{"href":"https:\/\/archivosonoro.com.ar\/wordpress\/index.php?rest_route=%2Fwp%2Fv2%2Fmedia&parent=2250"}],"wp:term":[{"taxonomy":"category","embeddable":true,"href":"https:\/\/archivosonoro.com.ar\/wordpress\/index.php?rest_route=%2Fwp%2Fv2%2Fcategories&post=2250"},{"taxonomy":"post_tag","embeddable":true,"href":"https:\/\/archivosonoro.com.ar\/wordpress\/index.php?rest_route=%2Fwp%2Fv2%2Ftags&post=2250"}],"curies":[{"name":"wp","href":"https:\/\/api.w.org\/{rel}","templated":true}]}}