{"id":2248,"date":"2012-07-08T15:51:55","date_gmt":"2012-07-08T18:51:55","guid":{"rendered":"http:\/\/archivosonoro.com.ar\/?p=2248"},"modified":"2012-07-08T15:51:55","modified_gmt":"2012-07-08T18:51:55","slug":"las-camaras-empresarias-y-la-reforma-tarifaria-3","status":"publish","type":"post","link":"https:\/\/archivosonoro.com.ar\/wordpress\/?p=2248","title":{"rendered":"Las c\u00e1maras empresarias y la reforma tarifaria."},"content":{"rendered":"<p>Desde Ushuaia y v\u00eda telef\u00f3nica, Marcelo Lietti, Presidente de la C\u00e1mara de Turismo, habl\u00f3 en la ma\u00f1ana de FM Universidad de la ca\u00edda del turismo debido a la crisis internacional y admiti\u00f3 que el sector no pasa por el mejor momento. \u00abSomos los que m\u00e1s aportamos\u00bb, dijo, aclarando que la al\u00edcuota que se les aplica alcanza el 4,5%.<\/p>\n","protected":false},"excerpt":{"rendered":"<p>Desde Ushuaia y v\u00eda telef\u00f3nica, Marcelo Lietti, Presidente de la C\u00e1mara de Turismo, habl\u00f3 en la ma\u00f1ana de FM Universidad de la ca\u00edda del turismo debido a la crisis internacional y admiti\u00f3 que el sector no pasa por el mejor momento. \u00abSomos los que m\u00e1s aportamos\u00bb, dijo, aclarando que la al\u00edcuota que se les aplica [&hellip;]<\/p>\n","protected":false},"author":7,"featured_media":0,"comment_status":"open","ping_status":"open","sticky":false,"template":"","format":"standard","meta":{"footnotes":""},"categories":[543],"tags":[],"class_list":["post-2248","post","type-post","status-publish","format-standard","hentry","category-fm-universidad"],"_links":{"self":[{"href":"https:\/\/archivosonoro.com.ar\/wordpress\/index.php?rest_route=\/wp\/v2\/posts\/2248","targetHints":{"allow":["GET"]}}],"collection":[{"href":"https:\/\/archivosonoro.com.ar\/wordpress\/index.php?rest_route=\/wp\/v2\/posts"}],"about":[{"href":"https:\/\/archivosonoro.com.ar\/wordpress\/index.php?rest_route=\/wp\/v2\/types\/post"}],"author":[{"embeddable":true,"href":"https:\/\/archivosonoro.com.ar\/wordpress\/index.php?rest_route=\/wp\/v2\/users\/7"}],"replies":[{"embeddable":true,"href":"https:\/\/archivosonoro.com.ar\/wordpress\/index.php?rest_route=%2Fwp%2Fv2%2Fcomments&post=2248"}],"version-history":[{"count":1,"href":"https:\/\/archivosonoro.com.ar\/wordpress\/index.php?rest_route=\/wp\/v2\/posts\/2248\/revisions"}],"predecessor-version":[{"id":2249,"href":"https:\/\/archivosonoro.com.ar\/wordpress\/index.php?rest_route=\/wp\/v2\/posts\/2248\/revisions\/2249"}],"wp:attachment":[{"href":"https:\/\/archivosonoro.com.ar\/wordpress\/index.php?rest_route=%2Fwp%2Fv2%2Fmedia&parent=2248"}],"wp:term":[{"taxonomy":"category","embeddable":true,"href":"https:\/\/archivosonoro.com.ar\/wordpress\/index.php?rest_route=%2Fwp%2Fv2%2Fcategories&post=2248"},{"taxonomy":"post_tag","embeddable":true,"href":"https:\/\/archivosonoro.com.ar\/wordpress\/index.php?rest_route=%2Fwp%2Fv2%2Ftags&post=2248"}],"curies":[{"name":"wp","href":"https:\/\/api.w.org\/{rel}","templated":true}]}}